{"id":3911,"date":"2022-07-04T20:54:36","date_gmt":"2022-07-04T18:54:36","guid":{"rendered":"https:\/\/lesptitescroixdemagalie.fr\/?p=3911"},"modified":"2022-07-04T20:54:37","modified_gmt":"2022-07-04T18:54:37","slug":"paul-personnalisation","status":"publish","type":"post","link":"https:\/\/lesptitescroixdemagalie.fr\/index.php\/2022\/07\/04\/paul-personnalisation\/","title":{"rendered":"PAUL (personnalisation de tabliers)"},"content":{"rendered":"<div class=\"wp-block-image\">\n<figure class=\"aligncenter size-large\"><img fetchpriority=\"high\" decoding=\"async\" width=\"1024\" height=\"786\" src=\"https:\/\/lesptitescroixdemagalie.fr\/wp-content\/uploads\/2022\/07\/Double-Paul-1024x786.png\" alt=\"\" class=\"wp-image-3917\" srcset=\"https:\/\/lesptitescroixdemagalie.fr\/wp-content\/uploads\/2022\/07\/Double-Paul-1024x786.png 1024w, https:\/\/lesptitescroixdemagalie.fr\/wp-content\/uploads\/2022\/07\/Double-Paul-300x230.png 300w, https:\/\/lesptitescroixdemagalie.fr\/wp-content\/uploads\/2022\/07\/Double-Paul-768x589.png 768w, https:\/\/lesptitescroixdemagalie.fr\/wp-content\/uploads\/2022\/07\/Double-Paul-1170x898.png 1170w, https:\/\/lesptitescroixdemagalie.fr\/wp-content\/uploads\/2022\/07\/Double-Paul-585x449.png 585w, https:\/\/lesptitescroixdemagalie.fr\/wp-content\/uploads\/2022\/07\/Double-Paul-600x460.png 600w, https:\/\/lesptitescroixdemagalie.fr\/wp-content\/uploads\/2022\/07\/Double-Paul.png 1372w\" sizes=\"(max-width: 1024px) 100vw, 1024px\" \/><\/figure>\n<\/div>\n\n\n<p><br><\/p>\n\n\n\n<p class=\"has-normal-font-size\">Ces deux images ont deux ont trois ans d\u2019\u00e9cart.<br>Une coll\u00e8gue qui connaissait ma passion pour la broderie au point de croix, souhaitait que je lui fabrique une \u00e9tiquette brod\u00e9e au nom de son fils, pour son tablier d\u2019\u00e9cole.<br>Pas de soucis, au contraire&nbsp;! Je m\u2019y suis mise avec plaisir.<\/p>\n\n\n\n<p>Quelques ann\u00e9es apr\u00e8s, elle revient vers moi avec un deuxi\u00e8me tablier et me dit&nbsp;: \u00ab&nbsp;tu te souviens, je t\u2019avais demand\u00e9 de me faire une \u00e9tiquette pour le tablier de Paul, j\u2019aimerais que tu fasses aussi le tablier de rechange.&nbsp;\u00bb<br>Toujours d\u2019accord et enchant\u00e9e qu\u2019elle revienne vers moi&nbsp;!<\/p>\n\n\n\n<p>Du coup, je ne lui pose m\u00eame pas de question, elle ne me donne pas non plus de pr\u00e9cision. C\u2019est dans la bo\u00eete&nbsp;! Quelques jours plus tard, ou le lendemain (je ne sais plus), je lui ram\u00e8ne donc le deuxi\u00e8me tablier, diff\u00e9rent&nbsp;!<br><\/p>\n\n\n\n<figure class=\"wp-block-pullquote\"><blockquote><p><strong>T\u00e9moignage de la maman de Paul<\/strong>&nbsp;:<br>\u00ab&nbsp;J\u2019ai \u00e9t\u00e9 tr\u00e8s \u00e9tonn\u00e9e du rendu de son travail&nbsp;! Elle a su faire ressortir la broderie en jouant avec la couleur du liser\u00e9.<br>On ne trouve plus de mercerie ou de magasins de fil en r\u00e9gion parisienne. Ce blog et ces (futurs) services sont une bonne initiative.&nbsp;\u00bb<\/p><cite>H. (la maman de Paul), de Paris<\/cite><\/blockquote><\/figure>\n\n\n\n<p>C\u00f4t\u00e9 technique, avec le temps, les techniques changent et s\u2019affinent\u00a0!<br>Pour le premier tablier, je voulais faire un effet \u00ab\u00a0\u00e9tiquette\u00a0\u00bb. J\u2019ai donc brod\u00e9 sur une toile a\u00efda que j\u2019ai ensuite cousue sur le tablier en prenant soin de replier les bords.<br>Pour le deuxi\u00e8me, j\u2019ai utilis\u00e9 la technique du <a href=\"https:\/\/lesptitescroixdemagalie.fr\/index.php\/lexique\/\">tire-fil<\/a>, d\u00e9j\u00e0 utilis\u00e9e pour<a href=\"https:\/\/lesptitescroixdemagalie.fr\/index.php\/2021\/11\/07\/rock-sur-jean\/\"> \u00ab\u00a0Rock sur jean\u00a0\u00bb<\/a>. J\u2019y ai pris beaucoup de plaisir \u00e9galement.<br>Je n\u2019ai pas utilis\u00e9 de <a href=\"https:\/\/lesptitescroixdemagalie.fr\/index.php\/lexique\/\">tambour<\/a>, pour quatre lettres ce n\u2019\u00e9tait pas la peine, mais le r\u00e9sultat est tout \u00e0 fait satisfaisant\u00a0! En tout cas, celui-ci a beaucoup plu \u00e0 ma coll\u00e8gue. Je le trouve \u00e9galement plus \u00ab\u00a0adapt\u00e9\u00a0\u00bb que le premier. Chacun ses go\u00fbts\u00a0!<\/p>\n\n\n\n<p>Et vous, qu\u2019en pensez-vous&nbsp;?<br><\/p>\n\n\n\n<ul class=\"has-normal-font-size wp-block-list\"><li>Temps moyen de r\u00e9alisation\u00a0: 1h<\/li><li>Points utilis\u00e9s\u00a0: point de croix, point de piq\u00fbre<\/li><li>Dimensions\u00a0: 3 x 6 cm<\/li><li>Nombre de couleurs\u00a0: 1<\/li><li>Fournitures\u00a0: toile A\u00efda 5,5 pts, fil de coton moulin\u00e9, aiguille<\/li><\/ul>\n\n\n\n<p><br>Vous avez aim\u00e9\u2026 ou pas&nbsp;!<br><br>Laissez vos commentaires, vos impressions, un petit c\u0153ur, je vous r\u00e9pondrai avec plaisir&nbsp;!<br><br>@ tr\u00e8s vite&nbsp;!<\/p>\n","protected":false},"excerpt":{"rendered":"<p>Ces deux images ont deux ont trois ans d\u2019\u00e9cart.Une coll\u00e8gue qui connaissait ma passion pour la&hellip;<\/p>\n","protected":false},"author":1,"featured_media":3917,"comment_status":"open","ping_status":"open","sticky":false,"template":"","format":"standard","meta":{"inline_featured_image":false,"_monsterinsights_skip_tracking":false,"_monsterinsights_sitenote_active":false,"_monsterinsights_sitenote_note":"","_monsterinsights_sitenote_category":0,"footnotes":""},"categories":[24,31,28],"tags":[35,36,39],"class_list":["post-3911","post","type-post","status-publish","format-standard","has-post-thumbnail","hentry","category-archives-du-blog","category-blog","category-galerie-du-blog","tag-article","tag-creation","tag-point-de-croix"],"yoast_head":"<!-- This site is optimized with the Yoast SEO plugin v27.5 - https:\/\/yoast.com\/product\/yoast-seo-wordpress\/ -->\n<title>PAUL (personnalisation de tabliers) - Les p\u2018tites croix de Magalie par Magalie Vincendon<\/title>\n<meta name=\"description\" content=\"Ces deux images ont deux ont trois ans d\u2019\u00e9cart. Une coll\u00e8gue qui connaissait ma passion pour la broderie au point de croix, souhaitait que je lui fabrique une \u00e9tiquette brod\u00e9e au nom de son fils, pour son tablier d\u2019\u00e9cole... Venez lire la suite de l&#039;histoire de cette personnalisation de tablier au point de croix sur le blog &quot; Les p&#039;tites croix de Magalie &quot; sur l&#039;apprentissage et le partage de broderies au point de croix. @ tr\u00e8s vite !\" \/>\n<meta name=\"robots\" content=\"index, follow, max-snippet:-1, max-image-preview:large, max-video-preview:-1\" \/>\n<link rel=\"canonical\" href=\"https:\/\/lesptitescroixdemagalie.fr\/index.php\/2022\/07\/04\/paul-personnalisation\/\" \/>\n<meta property=\"og:locale\" content=\"fr_FR\" \/>\n<meta property=\"og:type\" content=\"article\" \/>\n<meta property=\"og:title\" content=\"PAUL (personnalisation de tabliers) - Les p\u2018tites croix de Magalie par Magalie Vincendon\" \/>\n<meta property=\"og:description\" content=\"Ces deux images ont deux ont trois ans d\u2019\u00e9cart. Une coll\u00e8gue qui connaissait ma passion pour la broderie au point de croix, souhaitait que je lui fabrique une \u00e9tiquette brod\u00e9e au nom de son fils, pour son tablier d\u2019\u00e9cole... Venez lire la suite de l&#039;histoire de cette personnalisation de tablier au point de croix sur le blog &quot; Les p&#039;tites croix de Magalie &quot; sur l&#039;apprentissage et le partage de broderies au point de croix. @ tr\u00e8s vite !\" \/>\n<meta property=\"og:url\" content=\"https:\/\/lesptitescroixdemagalie.fr\/index.php\/2022\/07\/04\/paul-personnalisation\/\" \/>\n<meta property=\"og:site_name\" content=\"Les p\u2018tites croix de Magalie par Magalie Vincendon\" \/>\n<meta property=\"article:published_time\" content=\"2022-07-04T18:54:36+00:00\" \/>\n<meta property=\"article:modified_time\" content=\"2022-07-04T18:54:37+00:00\" \/>\n<meta property=\"og:image\" content=\"https:\/\/lesptitescroixdemagalie.fr\/wp-content\/uploads\/2022\/07\/Double-Paul.png\" \/>\n\t<meta property=\"og:image:width\" content=\"1372\" \/>\n\t<meta property=\"og:image:height\" content=\"1053\" \/>\n\t<meta property=\"og:image:type\" content=\"image\/png\" \/>\n<meta name=\"author\" content=\"Magalie\" \/>\n<meta name=\"twitter:card\" content=\"summary_large_image\" \/>\n<meta name=\"twitter:label1\" content=\"\u00c9crit par\" \/>\n\t<meta name=\"twitter:data1\" content=\"Magalie\" \/>\n\t<meta name=\"twitter:label2\" content=\"Dur\u00e9e de lecture estim\u00e9e\" \/>\n\t<meta name=\"twitter:data2\" content=\"3 minutes\" \/>\n<script type=\"application\/ld+json\" class=\"yoast-schema-graph\">{\"@context\":\"https:\\\/\\\/schema.org\",\"@graph\":[{\"@type\":\"Article\",\"@id\":\"https:\\\/\\\/lesptitescroixdemagalie.fr\\\/index.php\\\/2022\\\/07\\\/04\\\/paul-personnalisation\\\/#article\",\"isPartOf\":{\"@id\":\"https:\\\/\\\/lesptitescroixdemagalie.fr\\\/index.php\\\/2022\\\/07\\\/04\\\/paul-personnalisation\\\/\"},\"author\":{\"name\":\"Magalie\",\"@id\":\"https:\\\/\\\/lesptitescroixdemagalie.fr\\\/#\\\/schema\\\/person\\\/f139e87a4747b6f22763ca6a9e5f03d1\"},\"headline\":\"PAUL (personnalisation de tabliers)\",\"datePublished\":\"2022-07-04T18:54:36+00:00\",\"dateModified\":\"2022-07-04T18:54:37+00:00\",\"mainEntityOfPage\":{\"@id\":\"https:\\\/\\\/lesptitescroixdemagalie.fr\\\/index.php\\\/2022\\\/07\\\/04\\\/paul-personnalisation\\\/\"},\"wordCount\":423,\"commentCount\":0,\"publisher\":{\"@id\":\"https:\\\/\\\/lesptitescroixdemagalie.fr\\\/#organization\"},\"image\":{\"@id\":\"https:\\\/\\\/lesptitescroixdemagalie.fr\\\/index.php\\\/2022\\\/07\\\/04\\\/paul-personnalisation\\\/#primaryimage\"},\"thumbnailUrl\":\"https:\\\/\\\/lesptitescroixdemagalie.fr\\\/wp-content\\\/uploads\\\/2022\\\/07\\\/Double-Paul.png\",\"keywords\":[\"article\",\"cr\u00e9ation\",\"point de croix\"],\"articleSection\":[\"Archives du blog\",\"Blog\",\"Galerie du blog\"],\"inLanguage\":\"fr-FR\",\"potentialAction\":[{\"@type\":\"CommentAction\",\"name\":\"Comment\",\"target\":[\"https:\\\/\\\/lesptitescroixdemagalie.fr\\\/index.php\\\/2022\\\/07\\\/04\\\/paul-personnalisation\\\/#respond\"]}]},{\"@type\":\"WebPage\",\"@id\":\"https:\\\/\\\/lesptitescroixdemagalie.fr\\\/index.php\\\/2022\\\/07\\\/04\\\/paul-personnalisation\\\/\",\"url\":\"https:\\\/\\\/lesptitescroixdemagalie.fr\\\/index.php\\\/2022\\\/07\\\/04\\\/paul-personnalisation\\\/\",\"name\":\"PAUL (personnalisation de tabliers) - Les p\u2018tites croix de Magalie par Magalie Vincendon\",\"isPartOf\":{\"@id\":\"https:\\\/\\\/lesptitescroixdemagalie.fr\\\/#website\"},\"primaryImageOfPage\":{\"@id\":\"https:\\\/\\\/lesptitescroixdemagalie.fr\\\/index.php\\\/2022\\\/07\\\/04\\\/paul-personnalisation\\\/#primaryimage\"},\"image\":{\"@id\":\"https:\\\/\\\/lesptitescroixdemagalie.fr\\\/index.php\\\/2022\\\/07\\\/04\\\/paul-personnalisation\\\/#primaryimage\"},\"thumbnailUrl\":\"https:\\\/\\\/lesptitescroixdemagalie.fr\\\/wp-content\\\/uploads\\\/2022\\\/07\\\/Double-Paul.png\",\"datePublished\":\"2022-07-04T18:54:36+00:00\",\"dateModified\":\"2022-07-04T18:54:37+00:00\",\"description\":\"Ces deux images ont deux ont trois ans d\u2019\u00e9cart. Une coll\u00e8gue qui connaissait ma passion pour la broderie au point de croix, souhaitait que je lui fabrique une \u00e9tiquette brod\u00e9e au nom de son fils, pour son tablier d\u2019\u00e9cole... Venez lire la suite de l'histoire de cette personnalisation de tablier au point de croix sur le blog \\\" Les p'tites croix de Magalie \\\" sur l'apprentissage et le partage de broderies au point de croix. @ tr\u00e8s vite !\",\"breadcrumb\":{\"@id\":\"https:\\\/\\\/lesptitescroixdemagalie.fr\\\/index.php\\\/2022\\\/07\\\/04\\\/paul-personnalisation\\\/#breadcrumb\"},\"inLanguage\":\"fr-FR\",\"potentialAction\":[{\"@type\":\"ReadAction\",\"target\":[\"https:\\\/\\\/lesptitescroixdemagalie.fr\\\/index.php\\\/2022\\\/07\\\/04\\\/paul-personnalisation\\\/\"]}]},{\"@type\":\"ImageObject\",\"inLanguage\":\"fr-FR\",\"@id\":\"https:\\\/\\\/lesptitescroixdemagalie.fr\\\/index.php\\\/2022\\\/07\\\/04\\\/paul-personnalisation\\\/#primaryimage\",\"url\":\"https:\\\/\\\/lesptitescroixdemagalie.fr\\\/wp-content\\\/uploads\\\/2022\\\/07\\\/Double-Paul.png\",\"contentUrl\":\"https:\\\/\\\/lesptitescroixdemagalie.fr\\\/wp-content\\\/uploads\\\/2022\\\/07\\\/Double-Paul.png\",\"width\":1372,\"height\":1053},{\"@type\":\"BreadcrumbList\",\"@id\":\"https:\\\/\\\/lesptitescroixdemagalie.fr\\\/index.php\\\/2022\\\/07\\\/04\\\/paul-personnalisation\\\/#breadcrumb\",\"itemListElement\":[{\"@type\":\"ListItem\",\"position\":1,\"name\":\"Accueil\",\"item\":\"https:\\\/\\\/lesptitescroixdemagalie.fr\\\/\"},{\"@type\":\"ListItem\",\"position\":2,\"name\":\"PAUL (personnalisation de tabliers)\"}]},{\"@type\":\"WebSite\",\"@id\":\"https:\\\/\\\/lesptitescroixdemagalie.fr\\\/#website\",\"url\":\"https:\\\/\\\/lesptitescroixdemagalie.fr\\\/\",\"name\":\"Les p\u2018tites croix de Magalie par Magalie Vincendon\",\"description\":\"Point de croix, D\u00e9tente, Partage &amp; Bien-Etre\",\"publisher\":{\"@id\":\"https:\\\/\\\/lesptitescroixdemagalie.fr\\\/#organization\"},\"potentialAction\":[{\"@type\":\"SearchAction\",\"target\":{\"@type\":\"EntryPoint\",\"urlTemplate\":\"https:\\\/\\\/lesptitescroixdemagalie.fr\\\/?s={search_term_string}\"},\"query-input\":{\"@type\":\"PropertyValueSpecification\",\"valueRequired\":true,\"valueName\":\"search_term_string\"}}],\"inLanguage\":\"fr-FR\"},{\"@type\":\"Organization\",\"@id\":\"https:\\\/\\\/lesptitescroixdemagalie.fr\\\/#organization\",\"name\":\"Les p'tites croix de Magalie\",\"url\":\"https:\\\/\\\/lesptitescroixdemagalie.fr\\\/\",\"logo\":{\"@type\":\"ImageObject\",\"inLanguage\":\"fr-FR\",\"@id\":\"https:\\\/\\\/lesptitescroixdemagalie.fr\\\/#\\\/schema\\\/logo\\\/image\\\/\",\"url\":\"https:\\\/\\\/lesptitescroixdemagalie.fr\\\/wp-content\\\/uploads\\\/2022\\\/07\\\/Logo-noir-fond-blanc.png\",\"contentUrl\":\"https:\\\/\\\/lesptitescroixdemagalie.fr\\\/wp-content\\\/uploads\\\/2022\\\/07\\\/Logo-noir-fond-blanc.png\",\"width\":280,\"height\":350,\"caption\":\"Les p'tites croix de Magalie\"},\"image\":{\"@id\":\"https:\\\/\\\/lesptitescroixdemagalie.fr\\\/#\\\/schema\\\/logo\\\/image\\\/\"}},{\"@type\":\"Person\",\"@id\":\"https:\\\/\\\/lesptitescroixdemagalie.fr\\\/#\\\/schema\\\/person\\\/f139e87a4747b6f22763ca6a9e5f03d1\",\"name\":\"Magalie\",\"image\":{\"@type\":\"ImageObject\",\"inLanguage\":\"fr-FR\",\"@id\":\"https:\\\/\\\/secure.gravatar.com\\\/avatar\\\/2bdc3ffed3c31f28c412a7f0b0daa5cda38bcb7850b7166eaa9857f671d1d915?s=96&d=mm&r=g\",\"url\":\"https:\\\/\\\/secure.gravatar.com\\\/avatar\\\/2bdc3ffed3c31f28c412a7f0b0daa5cda38bcb7850b7166eaa9857f671d1d915?s=96&d=mm&r=g\",\"contentUrl\":\"https:\\\/\\\/secure.gravatar.com\\\/avatar\\\/2bdc3ffed3c31f28c412a7f0b0daa5cda38bcb7850b7166eaa9857f671d1d915?s=96&d=mm&r=g\",\"caption\":\"Magalie\"}}]}<\/script>\n<!-- \/ Yoast SEO plugin. -->","yoast_head_json":{"title":"PAUL (personnalisation de tabliers) - Les p\u2018tites croix de Magalie par Magalie Vincendon","description":"Ces deux images ont deux ont trois ans d\u2019\u00e9cart. Une coll\u00e8gue qui connaissait ma passion pour la broderie au point de croix, souhaitait que je lui fabrique une \u00e9tiquette brod\u00e9e au nom de son fils, pour son tablier d\u2019\u00e9cole... Venez lire la suite de l'histoire de cette personnalisation de tablier au point de croix sur le blog \" Les p'tites croix de Magalie \" sur l'apprentissage et le partage de broderies au point de croix. @ tr\u00e8s vite !","robots":{"index":"index","follow":"follow","max-snippet":"max-snippet:-1","max-image-preview":"max-image-preview:large","max-video-preview":"max-video-preview:-1"},"canonical":"https:\/\/lesptitescroixdemagalie.fr\/index.php\/2022\/07\/04\/paul-personnalisation\/","og_locale":"fr_FR","og_type":"article","og_title":"PAUL (personnalisation de tabliers) - Les p\u2018tites croix de Magalie par Magalie Vincendon","og_description":"Ces deux images ont deux ont trois ans d\u2019\u00e9cart. Une coll\u00e8gue qui connaissait ma passion pour la broderie au point de croix, souhaitait que je lui fabrique une \u00e9tiquette brod\u00e9e au nom de son fils, pour son tablier d\u2019\u00e9cole... Venez lire la suite de l'histoire de cette personnalisation de tablier au point de croix sur le blog \" Les p'tites croix de Magalie \" sur l'apprentissage et le partage de broderies au point de croix. @ tr\u00e8s vite !","og_url":"https:\/\/lesptitescroixdemagalie.fr\/index.php\/2022\/07\/04\/paul-personnalisation\/","og_site_name":"Les p\u2018tites croix de Magalie par Magalie Vincendon","article_published_time":"2022-07-04T18:54:36+00:00","article_modified_time":"2022-07-04T18:54:37+00:00","og_image":[{"width":1372,"height":1053,"url":"https:\/\/lesptitescroixdemagalie.fr\/wp-content\/uploads\/2022\/07\/Double-Paul.png","type":"image\/png"}],"author":"Magalie","twitter_card":"summary_large_image","twitter_misc":{"\u00c9crit par":"Magalie","Dur\u00e9e de lecture estim\u00e9e":"3 minutes"},"schema":{"@context":"https:\/\/schema.org","@graph":[{"@type":"Article","@id":"https:\/\/lesptitescroixdemagalie.fr\/index.php\/2022\/07\/04\/paul-personnalisation\/#article","isPartOf":{"@id":"https:\/\/lesptitescroixdemagalie.fr\/index.php\/2022\/07\/04\/paul-personnalisation\/"},"author":{"name":"Magalie","@id":"https:\/\/lesptitescroixdemagalie.fr\/#\/schema\/person\/f139e87a4747b6f22763ca6a9e5f03d1"},"headline":"PAUL (personnalisation de tabliers)","datePublished":"2022-07-04T18:54:36+00:00","dateModified":"2022-07-04T18:54:37+00:00","mainEntityOfPage":{"@id":"https:\/\/lesptitescroixdemagalie.fr\/index.php\/2022\/07\/04\/paul-personnalisation\/"},"wordCount":423,"commentCount":0,"publisher":{"@id":"https:\/\/lesptitescroixdemagalie.fr\/#organization"},"image":{"@id":"https:\/\/lesptitescroixdemagalie.fr\/index.php\/2022\/07\/04\/paul-personnalisation\/#primaryimage"},"thumbnailUrl":"https:\/\/lesptitescroixdemagalie.fr\/wp-content\/uploads\/2022\/07\/Double-Paul.png","keywords":["article","cr\u00e9ation","point de croix"],"articleSection":["Archives du blog","Blog","Galerie du blog"],"inLanguage":"fr-FR","potentialAction":[{"@type":"CommentAction","name":"Comment","target":["https:\/\/lesptitescroixdemagalie.fr\/index.php\/2022\/07\/04\/paul-personnalisation\/#respond"]}]},{"@type":"WebPage","@id":"https:\/\/lesptitescroixdemagalie.fr\/index.php\/2022\/07\/04\/paul-personnalisation\/","url":"https:\/\/lesptitescroixdemagalie.fr\/index.php\/2022\/07\/04\/paul-personnalisation\/","name":"PAUL (personnalisation de tabliers) - Les p\u2018tites croix de Magalie par Magalie Vincendon","isPartOf":{"@id":"https:\/\/lesptitescroixdemagalie.fr\/#website"},"primaryImageOfPage":{"@id":"https:\/\/lesptitescroixdemagalie.fr\/index.php\/2022\/07\/04\/paul-personnalisation\/#primaryimage"},"image":{"@id":"https:\/\/lesptitescroixdemagalie.fr\/index.php\/2022\/07\/04\/paul-personnalisation\/#primaryimage"},"thumbnailUrl":"https:\/\/lesptitescroixdemagalie.fr\/wp-content\/uploads\/2022\/07\/Double-Paul.png","datePublished":"2022-07-04T18:54:36+00:00","dateModified":"2022-07-04T18:54:37+00:00","description":"Ces deux images ont deux ont trois ans d\u2019\u00e9cart. Une coll\u00e8gue qui connaissait ma passion pour la broderie au point de croix, souhaitait que je lui fabrique une \u00e9tiquette brod\u00e9e au nom de son fils, pour son tablier d\u2019\u00e9cole... Venez lire la suite de l'histoire de cette personnalisation de tablier au point de croix sur le blog \" Les p'tites croix de Magalie \" sur l'apprentissage et le partage de broderies au point de croix. @ tr\u00e8s vite !","breadcrumb":{"@id":"https:\/\/lesptitescroixdemagalie.fr\/index.php\/2022\/07\/04\/paul-personnalisation\/#breadcrumb"},"inLanguage":"fr-FR","potentialAction":[{"@type":"ReadAction","target":["https:\/\/lesptitescroixdemagalie.fr\/index.php\/2022\/07\/04\/paul-personnalisation\/"]}]},{"@type":"ImageObject","inLanguage":"fr-FR","@id":"https:\/\/lesptitescroixdemagalie.fr\/index.php\/2022\/07\/04\/paul-personnalisation\/#primaryimage","url":"https:\/\/lesptitescroixdemagalie.fr\/wp-content\/uploads\/2022\/07\/Double-Paul.png","contentUrl":"https:\/\/lesptitescroixdemagalie.fr\/wp-content\/uploads\/2022\/07\/Double-Paul.png","width":1372,"height":1053},{"@type":"BreadcrumbList","@id":"https:\/\/lesptitescroixdemagalie.fr\/index.php\/2022\/07\/04\/paul-personnalisation\/#breadcrumb","itemListElement":[{"@type":"ListItem","position":1,"name":"Accueil","item":"https:\/\/lesptitescroixdemagalie.fr\/"},{"@type":"ListItem","position":2,"name":"PAUL (personnalisation de tabliers)"}]},{"@type":"WebSite","@id":"https:\/\/lesptitescroixdemagalie.fr\/#website","url":"https:\/\/lesptitescroixdemagalie.fr\/","name":"Les p\u2018tites croix de Magalie par Magalie Vincendon","description":"Point de croix, D\u00e9tente, Partage &amp; Bien-Etre","publisher":{"@id":"https:\/\/lesptitescroixdemagalie.fr\/#organization"},"potentialAction":[{"@type":"SearchAction","target":{"@type":"EntryPoint","urlTemplate":"https:\/\/lesptitescroixdemagalie.fr\/?s={search_term_string}"},"query-input":{"@type":"PropertyValueSpecification","valueRequired":true,"valueName":"search_term_string"}}],"inLanguage":"fr-FR"},{"@type":"Organization","@id":"https:\/\/lesptitescroixdemagalie.fr\/#organization","name":"Les p'tites croix de Magalie","url":"https:\/\/lesptitescroixdemagalie.fr\/","logo":{"@type":"ImageObject","inLanguage":"fr-FR","@id":"https:\/\/lesptitescroixdemagalie.fr\/#\/schema\/logo\/image\/","url":"https:\/\/lesptitescroixdemagalie.fr\/wp-content\/uploads\/2022\/07\/Logo-noir-fond-blanc.png","contentUrl":"https:\/\/lesptitescroixdemagalie.fr\/wp-content\/uploads\/2022\/07\/Logo-noir-fond-blanc.png","width":280,"height":350,"caption":"Les p'tites croix de Magalie"},"image":{"@id":"https:\/\/lesptitescroixdemagalie.fr\/#\/schema\/logo\/image\/"}},{"@type":"Person","@id":"https:\/\/lesptitescroixdemagalie.fr\/#\/schema\/person\/f139e87a4747b6f22763ca6a9e5f03d1","name":"Magalie","image":{"@type":"ImageObject","inLanguage":"fr-FR","@id":"https:\/\/secure.gravatar.com\/avatar\/2bdc3ffed3c31f28c412a7f0b0daa5cda38bcb7850b7166eaa9857f671d1d915?s=96&d=mm&r=g","url":"https:\/\/secure.gravatar.com\/avatar\/2bdc3ffed3c31f28c412a7f0b0daa5cda38bcb7850b7166eaa9857f671d1d915?s=96&d=mm&r=g","contentUrl":"https:\/\/secure.gravatar.com\/avatar\/2bdc3ffed3c31f28c412a7f0b0daa5cda38bcb7850b7166eaa9857f671d1d915?s=96&d=mm&r=g","caption":"Magalie"}}]}},"_links":{"self":[{"href":"https:\/\/lesptitescroixdemagalie.fr\/index.php\/wp-json\/wp\/v2\/posts\/3911","targetHints":{"allow":["GET"]}}],"collection":[{"href":"https:\/\/lesptitescroixdemagalie.fr\/index.php\/wp-json\/wp\/v2\/posts"}],"about":[{"href":"https:\/\/lesptitescroixdemagalie.fr\/index.php\/wp-json\/wp\/v2\/types\/post"}],"author":[{"embeddable":true,"href":"https:\/\/lesptitescroixdemagalie.fr\/index.php\/wp-json\/wp\/v2\/users\/1"}],"replies":[{"embeddable":true,"href":"https:\/\/lesptitescroixdemagalie.fr\/index.php\/wp-json\/wp\/v2\/comments?post=3911"}],"version-history":[{"count":6,"href":"https:\/\/lesptitescroixdemagalie.fr\/index.php\/wp-json\/wp\/v2\/posts\/3911\/revisions"}],"predecessor-version":[{"id":3923,"href":"https:\/\/lesptitescroixdemagalie.fr\/index.php\/wp-json\/wp\/v2\/posts\/3911\/revisions\/3923"}],"wp:featuredmedia":[{"embeddable":true,"href":"https:\/\/lesptitescroixdemagalie.fr\/index.php\/wp-json\/wp\/v2\/media\/3917"}],"wp:attachment":[{"href":"https:\/\/lesptitescroixdemagalie.fr\/index.php\/wp-json\/wp\/v2\/media?parent=3911"}],"wp:term":[{"taxonomy":"category","embeddable":true,"href":"https:\/\/lesptitescroixdemagalie.fr\/index.php\/wp-json\/wp\/v2\/categories?post=3911"},{"taxonomy":"post_tag","embeddable":true,"href":"https:\/\/lesptitescroixdemagalie.fr\/index.php\/wp-json\/wp\/v2\/tags?post=3911"}],"curies":[{"name":"wp","href":"https:\/\/api.w.org\/{rel}","templated":true}]}}