{"id":3898,"date":"2022-06-06T18:47:01","date_gmt":"2022-06-06T16:47:01","guid":{"rendered":"https:\/\/lesptitescroixdemagalie.fr\/?p=3898"},"modified":"2022-06-06T18:47:04","modified_gmt":"2022-06-06T16:47:04","slug":"anne-et-olivier","status":"publish","type":"post","link":"https:\/\/lesptitescroixdemagalie.fr\/index.php\/2022\/06\/06\/anne-et-olivier\/","title":{"rendered":"Anne et Olivier"},"content":{"rendered":"<div class=\"wp-block-image\">\n<figure class=\"aligncenter size-full\"><img fetchpriority=\"high\" decoding=\"async\" width=\"462\" height=\"512\" src=\"https:\/\/lesptitescroixdemagalie.fr\/wp-content\/uploads\/2020\/07\/img20200705_10495806_page-0001-01.jpeg\" alt=\"Mariage oursons\" class=\"wp-image-2340\" srcset=\"https:\/\/lesptitescroixdemagalie.fr\/wp-content\/uploads\/2020\/07\/img20200705_10495806_page-0001-01.jpeg 462w, https:\/\/lesptitescroixdemagalie.fr\/wp-content\/uploads\/2020\/07\/img20200705_10495806_page-0001-01-416x461.jpeg 416w, https:\/\/lesptitescroixdemagalie.fr\/wp-content\/uploads\/2020\/07\/img20200705_10495806_page-0001-01-271x300.jpeg 271w\" sizes=\"(max-width: 462px) 100vw, 462px\" \/><\/figure>\n<\/div>\n\n\n<p><br><\/p>\n\n\n\n<p>Wouah, un mariage\u00a0! Et celui de mon amie d\u2019enfance\u00a0! (Celle pour qui j\u2019avais fait <a href=\"https:\/\/lesptitescroixdemagalie.fr\/index.php\/2020\/12\/05\/la-vache\/\">la vache rigolote<\/a>).<br>Alors l\u00e0, c\u2019\u00e9tait comme-ci j\u2019avais toujours attendu ce moment, je savais exactement ce que j\u2019allais choisir pour elle\u00a0: le petit ourson de la marque \u00ab\u00a0Me to you\u00a0\u00bb, un des mes personnages pr\u00e9f\u00e9r\u00e9 car trop choupi, mais un gros travail de brodeuse derri\u00e8re\u2026 J\u2019avais d\u00e9j\u00e0 rep\u00e9r\u00e9 cette collection depuis tr\u00e8s longtemps mais il me fallait l\u2019occasion pour la produire.<br><br>C\u00f4t\u00e9 technique, ces mod\u00e8les sont d\u2019une finesse et d\u2019une pr\u00e9cision\u2026 tout ce que j\u2019aime\u00a0! Mais cela signifie beaucoup de points diff\u00e9rents, beaucoup de technique, beaucoup de\u2026 poil, confettis\u00a0!<br>Tout \u00e7a pour un magnifique rendu.<br>Pour le cadre, il en fallait un qui se d\u00e9marque\u00a0: le blanc se serait fondu dans la toile, le gris \u00e9tait plut\u00f4t indiqu\u00e9, mais quand je suis tomb\u00e9e sur ce cadre, j\u2019ai su que c\u2019\u00e9tait lui, la taille correspondait, tout \u00e9tait parfait\u00a0!<br>Je suis amoureuse de ces petits oursons et le cadeau a bien plu\u00a0!<br><br><br>Malheureusement, je n\u2019ai pas retrouv\u00e9 la fiche de ce mod\u00e8le donc, je n\u2019ai pas les informations techniques compl\u00e8tes \u00e0 vous fournir, mais je continue \u00e0 chercher.<\/p>\n\n\n\n<ul class=\"has-normal-font-size wp-block-list\"><li>Points utilis\u00e9s\u00a0: point de croix, demi-point, quart de point, point arri\u00e8re, point de n\u0153ud<\/li><li>Dimensions\u00a0: 22 x 16 cm<\/li><li>Fournitures\u00a0: toile A\u00efda 5,5 pts, fil de coton moulin\u00e9, aiguille<\/li><li>Cadre\u00a0: oui noir et blanc<\/li><\/ul>\n\n\n\n<p><br><br>Vous avez aim\u00e9\u2026 ou pas\u00a0!<br><br>Laissez vos commentaires, vos impressions, un petit c\u0153ur, je vous r\u00e9pondrai avec plaisir\u00a0!<br><br>@ tr\u00e8s vite\u00a0!<\/p>\n","protected":false},"excerpt":{"rendered":"<p>Wouah, un mariage\u00a0! Et celui de mon amie d\u2019enfance\u00a0! (Celle pour qui j\u2019avais fait la vache&hellip;<\/p>\n","protected":false},"author":1,"featured_media":2340,"comment_status":"open","ping_status":"open","sticky":false,"template":"","format":"standard","meta":{"inline_featured_image":false,"_monsterinsights_skip_tracking":false,"_monsterinsights_sitenote_active":false,"_monsterinsights_sitenote_note":"","_monsterinsights_sitenote_category":0,"footnotes":""},"categories":[24,31,28],"tags":[],"class_list":["post-3898","post","type-post","status-publish","format-standard","has-post-thumbnail","hentry","category-archives-du-blog","category-blog","category-galerie-du-blog"],"yoast_head":"<!-- This site is optimized with the Yoast SEO plugin v27.5 - https:\/\/yoast.com\/product\/yoast-seo-wordpress\/ -->\n<title>Anne et Olivier - Les p\u2018tites croix de Magalie par Magalie Vincendon<\/title>\n<meta name=\"description\" content=\"Wouah, un mariage\u00a0! Et celui de mon amie d\u2019enfance\u00a0! (Celle pour qui j\u2019avais fait la vache rigolote). Alors l\u00e0, c\u2019\u00e9tait comme-ci j\u2019avais toujours attendu ce moment... Venez d\u00e9couvrir l&#039;histoire de cette r\u00e9alisation &quot;Anne et Olivier&quot; sur le blog Les p&#039;tites croix de Magalie, blog sur l&#039;apprentissage de la broderie au point de croix. @ tout de suite !\" \/>\n<meta name=\"robots\" content=\"index, follow, max-snippet:-1, max-image-preview:large, max-video-preview:-1\" \/>\n<link rel=\"canonical\" href=\"https:\/\/lesptitescroixdemagalie.fr\/index.php\/2022\/06\/06\/anne-et-olivier\/\" \/>\n<meta property=\"og:locale\" content=\"fr_FR\" \/>\n<meta property=\"og:type\" content=\"article\" \/>\n<meta property=\"og:title\" content=\"Anne et Olivier - Les p\u2018tites croix de Magalie par Magalie Vincendon\" \/>\n<meta property=\"og:description\" content=\"Wouah, un mariage\u00a0! Et celui de mon amie d\u2019enfance\u00a0! (Celle pour qui j\u2019avais fait la vache rigolote). Alors l\u00e0, c\u2019\u00e9tait comme-ci j\u2019avais toujours attendu ce moment... Venez d\u00e9couvrir l&#039;histoire de cette r\u00e9alisation &quot;Anne et Olivier&quot; sur le blog Les p&#039;tites croix de Magalie, blog sur l&#039;apprentissage de la broderie au point de croix. @ tout de suite !\" \/>\n<meta property=\"og:url\" content=\"https:\/\/lesptitescroixdemagalie.fr\/index.php\/2022\/06\/06\/anne-et-olivier\/\" \/>\n<meta property=\"og:site_name\" content=\"Les p\u2018tites croix de Magalie par Magalie Vincendon\" \/>\n<meta property=\"article:published_time\" content=\"2022-06-06T16:47:01+00:00\" \/>\n<meta property=\"article:modified_time\" content=\"2022-06-06T16:47:04+00:00\" \/>\n<meta property=\"og:image\" content=\"https:\/\/lesptitescroixdemagalie.fr\/wp-content\/uploads\/2020\/07\/img20200705_10495806_page-0001-01.jpeg\" \/>\n\t<meta property=\"og:image:width\" content=\"462\" \/>\n\t<meta property=\"og:image:height\" content=\"512\" \/>\n\t<meta property=\"og:image:type\" content=\"image\/jpeg\" \/>\n<meta name=\"author\" content=\"Magalie\" \/>\n<meta name=\"twitter:card\" content=\"summary_large_image\" \/>\n<meta name=\"twitter:label1\" content=\"\u00c9crit par\" \/>\n\t<meta name=\"twitter:data1\" content=\"Magalie\" \/>\n\t<meta name=\"twitter:label2\" content=\"Dur\u00e9e de lecture estim\u00e9e\" \/>\n\t<meta name=\"twitter:data2\" content=\"2 minutes\" \/>\n<script type=\"application\/ld+json\" class=\"yoast-schema-graph\">{\"@context\":\"https:\\\/\\\/schema.org\",\"@graph\":[{\"@type\":\"Article\",\"@id\":\"https:\\\/\\\/lesptitescroixdemagalie.fr\\\/index.php\\\/2022\\\/06\\\/06\\\/anne-et-olivier\\\/#article\",\"isPartOf\":{\"@id\":\"https:\\\/\\\/lesptitescroixdemagalie.fr\\\/index.php\\\/2022\\\/06\\\/06\\\/anne-et-olivier\\\/\"},\"author\":{\"name\":\"Magalie\",\"@id\":\"https:\\\/\\\/lesptitescroixdemagalie.fr\\\/#\\\/schema\\\/person\\\/f139e87a4747b6f22763ca6a9e5f03d1\"},\"headline\":\"Anne et Olivier\",\"datePublished\":\"2022-06-06T16:47:01+00:00\",\"dateModified\":\"2022-06-06T16:47:04+00:00\",\"mainEntityOfPage\":{\"@id\":\"https:\\\/\\\/lesptitescroixdemagalie.fr\\\/index.php\\\/2022\\\/06\\\/06\\\/anne-et-olivier\\\/\"},\"wordCount\":278,\"commentCount\":0,\"publisher\":{\"@id\":\"https:\\\/\\\/lesptitescroixdemagalie.fr\\\/#organization\"},\"image\":{\"@id\":\"https:\\\/\\\/lesptitescroixdemagalie.fr\\\/index.php\\\/2022\\\/06\\\/06\\\/anne-et-olivier\\\/#primaryimage\"},\"thumbnailUrl\":\"https:\\\/\\\/lesptitescroixdemagalie.fr\\\/wp-content\\\/uploads\\\/2020\\\/07\\\/img20200705_10495806_page-0001-01.jpeg\",\"articleSection\":[\"Archives du blog\",\"Blog\",\"Galerie du blog\"],\"inLanguage\":\"fr-FR\",\"potentialAction\":[{\"@type\":\"CommentAction\",\"name\":\"Comment\",\"target\":[\"https:\\\/\\\/lesptitescroixdemagalie.fr\\\/index.php\\\/2022\\\/06\\\/06\\\/anne-et-olivier\\\/#respond\"]}]},{\"@type\":\"WebPage\",\"@id\":\"https:\\\/\\\/lesptitescroixdemagalie.fr\\\/index.php\\\/2022\\\/06\\\/06\\\/anne-et-olivier\\\/\",\"url\":\"https:\\\/\\\/lesptitescroixdemagalie.fr\\\/index.php\\\/2022\\\/06\\\/06\\\/anne-et-olivier\\\/\",\"name\":\"Anne et Olivier - Les p\u2018tites croix de Magalie par Magalie Vincendon\",\"isPartOf\":{\"@id\":\"https:\\\/\\\/lesptitescroixdemagalie.fr\\\/#website\"},\"primaryImageOfPage\":{\"@id\":\"https:\\\/\\\/lesptitescroixdemagalie.fr\\\/index.php\\\/2022\\\/06\\\/06\\\/anne-et-olivier\\\/#primaryimage\"},\"image\":{\"@id\":\"https:\\\/\\\/lesptitescroixdemagalie.fr\\\/index.php\\\/2022\\\/06\\\/06\\\/anne-et-olivier\\\/#primaryimage\"},\"thumbnailUrl\":\"https:\\\/\\\/lesptitescroixdemagalie.fr\\\/wp-content\\\/uploads\\\/2020\\\/07\\\/img20200705_10495806_page-0001-01.jpeg\",\"datePublished\":\"2022-06-06T16:47:01+00:00\",\"dateModified\":\"2022-06-06T16:47:04+00:00\",\"description\":\"Wouah, un mariage\u00a0! Et celui de mon amie d\u2019enfance\u00a0! (Celle pour qui j\u2019avais fait la vache rigolote). Alors l\u00e0, c\u2019\u00e9tait comme-ci j\u2019avais toujours attendu ce moment... Venez d\u00e9couvrir l'histoire de cette r\u00e9alisation \\\"Anne et Olivier\\\" sur le blog Les p'tites croix de Magalie, blog sur l'apprentissage de la broderie au point de croix. @ tout de suite !\",\"breadcrumb\":{\"@id\":\"https:\\\/\\\/lesptitescroixdemagalie.fr\\\/index.php\\\/2022\\\/06\\\/06\\\/anne-et-olivier\\\/#breadcrumb\"},\"inLanguage\":\"fr-FR\",\"potentialAction\":[{\"@type\":\"ReadAction\",\"target\":[\"https:\\\/\\\/lesptitescroixdemagalie.fr\\\/index.php\\\/2022\\\/06\\\/06\\\/anne-et-olivier\\\/\"]}]},{\"@type\":\"ImageObject\",\"inLanguage\":\"fr-FR\",\"@id\":\"https:\\\/\\\/lesptitescroixdemagalie.fr\\\/index.php\\\/2022\\\/06\\\/06\\\/anne-et-olivier\\\/#primaryimage\",\"url\":\"https:\\\/\\\/lesptitescroixdemagalie.fr\\\/wp-content\\\/uploads\\\/2020\\\/07\\\/img20200705_10495806_page-0001-01.jpeg\",\"contentUrl\":\"https:\\\/\\\/lesptitescroixdemagalie.fr\\\/wp-content\\\/uploads\\\/2020\\\/07\\\/img20200705_10495806_page-0001-01.jpeg\",\"width\":462,\"height\":512,\"caption\":\"Mariage oursons\"},{\"@type\":\"BreadcrumbList\",\"@id\":\"https:\\\/\\\/lesptitescroixdemagalie.fr\\\/index.php\\\/2022\\\/06\\\/06\\\/anne-et-olivier\\\/#breadcrumb\",\"itemListElement\":[{\"@type\":\"ListItem\",\"position\":1,\"name\":\"Accueil\",\"item\":\"https:\\\/\\\/lesptitescroixdemagalie.fr\\\/\"},{\"@type\":\"ListItem\",\"position\":2,\"name\":\"Anne et Olivier\"}]},{\"@type\":\"WebSite\",\"@id\":\"https:\\\/\\\/lesptitescroixdemagalie.fr\\\/#website\",\"url\":\"https:\\\/\\\/lesptitescroixdemagalie.fr\\\/\",\"name\":\"Les p\u2018tites croix de Magalie par Magalie Vincendon\",\"description\":\"Point de croix, D\u00e9tente, Partage &amp; Bien-Etre\",\"publisher\":{\"@id\":\"https:\\\/\\\/lesptitescroixdemagalie.fr\\\/#organization\"},\"potentialAction\":[{\"@type\":\"SearchAction\",\"target\":{\"@type\":\"EntryPoint\",\"urlTemplate\":\"https:\\\/\\\/lesptitescroixdemagalie.fr\\\/?s={search_term_string}\"},\"query-input\":{\"@type\":\"PropertyValueSpecification\",\"valueRequired\":true,\"valueName\":\"search_term_string\"}}],\"inLanguage\":\"fr-FR\"},{\"@type\":\"Organization\",\"@id\":\"https:\\\/\\\/lesptitescroixdemagalie.fr\\\/#organization\",\"name\":\"Les p'tites croix de Magalie\",\"url\":\"https:\\\/\\\/lesptitescroixdemagalie.fr\\\/\",\"logo\":{\"@type\":\"ImageObject\",\"inLanguage\":\"fr-FR\",\"@id\":\"https:\\\/\\\/lesptitescroixdemagalie.fr\\\/#\\\/schema\\\/logo\\\/image\\\/\",\"url\":\"https:\\\/\\\/lesptitescroixdemagalie.fr\\\/wp-content\\\/uploads\\\/2022\\\/07\\\/Logo-noir-fond-blanc.png\",\"contentUrl\":\"https:\\\/\\\/lesptitescroixdemagalie.fr\\\/wp-content\\\/uploads\\\/2022\\\/07\\\/Logo-noir-fond-blanc.png\",\"width\":280,\"height\":350,\"caption\":\"Les p'tites croix de Magalie\"},\"image\":{\"@id\":\"https:\\\/\\\/lesptitescroixdemagalie.fr\\\/#\\\/schema\\\/logo\\\/image\\\/\"}},{\"@type\":\"Person\",\"@id\":\"https:\\\/\\\/lesptitescroixdemagalie.fr\\\/#\\\/schema\\\/person\\\/f139e87a4747b6f22763ca6a9e5f03d1\",\"name\":\"Magalie\",\"image\":{\"@type\":\"ImageObject\",\"inLanguage\":\"fr-FR\",\"@id\":\"https:\\\/\\\/secure.gravatar.com\\\/avatar\\\/2bdc3ffed3c31f28c412a7f0b0daa5cda38bcb7850b7166eaa9857f671d1d915?s=96&d=mm&r=g\",\"url\":\"https:\\\/\\\/secure.gravatar.com\\\/avatar\\\/2bdc3ffed3c31f28c412a7f0b0daa5cda38bcb7850b7166eaa9857f671d1d915?s=96&d=mm&r=g\",\"contentUrl\":\"https:\\\/\\\/secure.gravatar.com\\\/avatar\\\/2bdc3ffed3c31f28c412a7f0b0daa5cda38bcb7850b7166eaa9857f671d1d915?s=96&d=mm&r=g\",\"caption\":\"Magalie\"}}]}<\/script>\n<!-- \/ Yoast SEO plugin. -->","yoast_head_json":{"title":"Anne et Olivier - Les p\u2018tites croix de Magalie par Magalie Vincendon","description":"Wouah, un mariage\u00a0! Et celui de mon amie d\u2019enfance\u00a0! (Celle pour qui j\u2019avais fait la vache rigolote). Alors l\u00e0, c\u2019\u00e9tait comme-ci j\u2019avais toujours attendu ce moment... Venez d\u00e9couvrir l'histoire de cette r\u00e9alisation \"Anne et Olivier\" sur le blog Les p'tites croix de Magalie, blog sur l'apprentissage de la broderie au point de croix. @ tout de suite !","robots":{"index":"index","follow":"follow","max-snippet":"max-snippet:-1","max-image-preview":"max-image-preview:large","max-video-preview":"max-video-preview:-1"},"canonical":"https:\/\/lesptitescroixdemagalie.fr\/index.php\/2022\/06\/06\/anne-et-olivier\/","og_locale":"fr_FR","og_type":"article","og_title":"Anne et Olivier - Les p\u2018tites croix de Magalie par Magalie Vincendon","og_description":"Wouah, un mariage\u00a0! Et celui de mon amie d\u2019enfance\u00a0! (Celle pour qui j\u2019avais fait la vache rigolote). Alors l\u00e0, c\u2019\u00e9tait comme-ci j\u2019avais toujours attendu ce moment... Venez d\u00e9couvrir l'histoire de cette r\u00e9alisation \"Anne et Olivier\" sur le blog Les p'tites croix de Magalie, blog sur l'apprentissage de la broderie au point de croix. @ tout de suite !","og_url":"https:\/\/lesptitescroixdemagalie.fr\/index.php\/2022\/06\/06\/anne-et-olivier\/","og_site_name":"Les p\u2018tites croix de Magalie par Magalie Vincendon","article_published_time":"2022-06-06T16:47:01+00:00","article_modified_time":"2022-06-06T16:47:04+00:00","og_image":[{"width":462,"height":512,"url":"https:\/\/lesptitescroixdemagalie.fr\/wp-content\/uploads\/2020\/07\/img20200705_10495806_page-0001-01.jpeg","type":"image\/jpeg"}],"author":"Magalie","twitter_card":"summary_large_image","twitter_misc":{"\u00c9crit par":"Magalie","Dur\u00e9e de lecture estim\u00e9e":"2 minutes"},"schema":{"@context":"https:\/\/schema.org","@graph":[{"@type":"Article","@id":"https:\/\/lesptitescroixdemagalie.fr\/index.php\/2022\/06\/06\/anne-et-olivier\/#article","isPartOf":{"@id":"https:\/\/lesptitescroixdemagalie.fr\/index.php\/2022\/06\/06\/anne-et-olivier\/"},"author":{"name":"Magalie","@id":"https:\/\/lesptitescroixdemagalie.fr\/#\/schema\/person\/f139e87a4747b6f22763ca6a9e5f03d1"},"headline":"Anne et Olivier","datePublished":"2022-06-06T16:47:01+00:00","dateModified":"2022-06-06T16:47:04+00:00","mainEntityOfPage":{"@id":"https:\/\/lesptitescroixdemagalie.fr\/index.php\/2022\/06\/06\/anne-et-olivier\/"},"wordCount":278,"commentCount":0,"publisher":{"@id":"https:\/\/lesptitescroixdemagalie.fr\/#organization"},"image":{"@id":"https:\/\/lesptitescroixdemagalie.fr\/index.php\/2022\/06\/06\/anne-et-olivier\/#primaryimage"},"thumbnailUrl":"https:\/\/lesptitescroixdemagalie.fr\/wp-content\/uploads\/2020\/07\/img20200705_10495806_page-0001-01.jpeg","articleSection":["Archives du blog","Blog","Galerie du blog"],"inLanguage":"fr-FR","potentialAction":[{"@type":"CommentAction","name":"Comment","target":["https:\/\/lesptitescroixdemagalie.fr\/index.php\/2022\/06\/06\/anne-et-olivier\/#respond"]}]},{"@type":"WebPage","@id":"https:\/\/lesptitescroixdemagalie.fr\/index.php\/2022\/06\/06\/anne-et-olivier\/","url":"https:\/\/lesptitescroixdemagalie.fr\/index.php\/2022\/06\/06\/anne-et-olivier\/","name":"Anne et Olivier - Les p\u2018tites croix de Magalie par Magalie Vincendon","isPartOf":{"@id":"https:\/\/lesptitescroixdemagalie.fr\/#website"},"primaryImageOfPage":{"@id":"https:\/\/lesptitescroixdemagalie.fr\/index.php\/2022\/06\/06\/anne-et-olivier\/#primaryimage"},"image":{"@id":"https:\/\/lesptitescroixdemagalie.fr\/index.php\/2022\/06\/06\/anne-et-olivier\/#primaryimage"},"thumbnailUrl":"https:\/\/lesptitescroixdemagalie.fr\/wp-content\/uploads\/2020\/07\/img20200705_10495806_page-0001-01.jpeg","datePublished":"2022-06-06T16:47:01+00:00","dateModified":"2022-06-06T16:47:04+00:00","description":"Wouah, un mariage\u00a0! Et celui de mon amie d\u2019enfance\u00a0! (Celle pour qui j\u2019avais fait la vache rigolote). Alors l\u00e0, c\u2019\u00e9tait comme-ci j\u2019avais toujours attendu ce moment... Venez d\u00e9couvrir l'histoire de cette r\u00e9alisation \"Anne et Olivier\" sur le blog Les p'tites croix de Magalie, blog sur l'apprentissage de la broderie au point de croix. @ tout de suite !","breadcrumb":{"@id":"https:\/\/lesptitescroixdemagalie.fr\/index.php\/2022\/06\/06\/anne-et-olivier\/#breadcrumb"},"inLanguage":"fr-FR","potentialAction":[{"@type":"ReadAction","target":["https:\/\/lesptitescroixdemagalie.fr\/index.php\/2022\/06\/06\/anne-et-olivier\/"]}]},{"@type":"ImageObject","inLanguage":"fr-FR","@id":"https:\/\/lesptitescroixdemagalie.fr\/index.php\/2022\/06\/06\/anne-et-olivier\/#primaryimage","url":"https:\/\/lesptitescroixdemagalie.fr\/wp-content\/uploads\/2020\/07\/img20200705_10495806_page-0001-01.jpeg","contentUrl":"https:\/\/lesptitescroixdemagalie.fr\/wp-content\/uploads\/2020\/07\/img20200705_10495806_page-0001-01.jpeg","width":462,"height":512,"caption":"Mariage oursons"},{"@type":"BreadcrumbList","@id":"https:\/\/lesptitescroixdemagalie.fr\/index.php\/2022\/06\/06\/anne-et-olivier\/#breadcrumb","itemListElement":[{"@type":"ListItem","position":1,"name":"Accueil","item":"https:\/\/lesptitescroixdemagalie.fr\/"},{"@type":"ListItem","position":2,"name":"Anne et Olivier"}]},{"@type":"WebSite","@id":"https:\/\/lesptitescroixdemagalie.fr\/#website","url":"https:\/\/lesptitescroixdemagalie.fr\/","name":"Les p\u2018tites croix de Magalie par Magalie Vincendon","description":"Point de croix, D\u00e9tente, Partage &amp; Bien-Etre","publisher":{"@id":"https:\/\/lesptitescroixdemagalie.fr\/#organization"},"potentialAction":[{"@type":"SearchAction","target":{"@type":"EntryPoint","urlTemplate":"https:\/\/lesptitescroixdemagalie.fr\/?s={search_term_string}"},"query-input":{"@type":"PropertyValueSpecification","valueRequired":true,"valueName":"search_term_string"}}],"inLanguage":"fr-FR"},{"@type":"Organization","@id":"https:\/\/lesptitescroixdemagalie.fr\/#organization","name":"Les p'tites croix de Magalie","url":"https:\/\/lesptitescroixdemagalie.fr\/","logo":{"@type":"ImageObject","inLanguage":"fr-FR","@id":"https:\/\/lesptitescroixdemagalie.fr\/#\/schema\/logo\/image\/","url":"https:\/\/lesptitescroixdemagalie.fr\/wp-content\/uploads\/2022\/07\/Logo-noir-fond-blanc.png","contentUrl":"https:\/\/lesptitescroixdemagalie.fr\/wp-content\/uploads\/2022\/07\/Logo-noir-fond-blanc.png","width":280,"height":350,"caption":"Les p'tites croix de Magalie"},"image":{"@id":"https:\/\/lesptitescroixdemagalie.fr\/#\/schema\/logo\/image\/"}},{"@type":"Person","@id":"https:\/\/lesptitescroixdemagalie.fr\/#\/schema\/person\/f139e87a4747b6f22763ca6a9e5f03d1","name":"Magalie","image":{"@type":"ImageObject","inLanguage":"fr-FR","@id":"https:\/\/secure.gravatar.com\/avatar\/2bdc3ffed3c31f28c412a7f0b0daa5cda38bcb7850b7166eaa9857f671d1d915?s=96&d=mm&r=g","url":"https:\/\/secure.gravatar.com\/avatar\/2bdc3ffed3c31f28c412a7f0b0daa5cda38bcb7850b7166eaa9857f671d1d915?s=96&d=mm&r=g","contentUrl":"https:\/\/secure.gravatar.com\/avatar\/2bdc3ffed3c31f28c412a7f0b0daa5cda38bcb7850b7166eaa9857f671d1d915?s=96&d=mm&r=g","caption":"Magalie"}}]}},"_links":{"self":[{"href":"https:\/\/lesptitescroixdemagalie.fr\/index.php\/wp-json\/wp\/v2\/posts\/3898","targetHints":{"allow":["GET"]}}],"collection":[{"href":"https:\/\/lesptitescroixdemagalie.fr\/index.php\/wp-json\/wp\/v2\/posts"}],"about":[{"href":"https:\/\/lesptitescroixdemagalie.fr\/index.php\/wp-json\/wp\/v2\/types\/post"}],"author":[{"embeddable":true,"href":"https:\/\/lesptitescroixdemagalie.fr\/index.php\/wp-json\/wp\/v2\/users\/1"}],"replies":[{"embeddable":true,"href":"https:\/\/lesptitescroixdemagalie.fr\/index.php\/wp-json\/wp\/v2\/comments?post=3898"}],"version-history":[{"count":2,"href":"https:\/\/lesptitescroixdemagalie.fr\/index.php\/wp-json\/wp\/v2\/posts\/3898\/revisions"}],"predecessor-version":[{"id":3900,"href":"https:\/\/lesptitescroixdemagalie.fr\/index.php\/wp-json\/wp\/v2\/posts\/3898\/revisions\/3900"}],"wp:featuredmedia":[{"embeddable":true,"href":"https:\/\/lesptitescroixdemagalie.fr\/index.php\/wp-json\/wp\/v2\/media\/2340"}],"wp:attachment":[{"href":"https:\/\/lesptitescroixdemagalie.fr\/index.php\/wp-json\/wp\/v2\/media?parent=3898"}],"wp:term":[{"taxonomy":"category","embeddable":true,"href":"https:\/\/lesptitescroixdemagalie.fr\/index.php\/wp-json\/wp\/v2\/categories?post=3898"},{"taxonomy":"post_tag","embeddable":true,"href":"https:\/\/lesptitescroixdemagalie.fr\/index.php\/wp-json\/wp\/v2\/tags?post=3898"}],"curies":[{"name":"wp","href":"https:\/\/api.w.org\/{rel}","templated":true}]}}