{"id":3837,"date":"2022-04-24T12:04:51","date_gmt":"2022-04-24T10:04:51","guid":{"rendered":"https:\/\/lesptitescroixdemagalie.fr\/?p=3837"},"modified":"2022-04-24T12:04:52","modified_gmt":"2022-04-24T10:04:52","slug":"vitrine","status":"publish","type":"post","link":"https:\/\/lesptitescroixdemagalie.fr\/index.php\/2022\/04\/24\/vitrine\/","title":{"rendered":"Vitrine"},"content":{"rendered":"\n<div class=\"wp-block-image\"><figure class=\"aligncenter size-full\"><img fetchpriority=\"high\" decoding=\"async\" width=\"486\" height=\"521\" src=\"https:\/\/lesptitescroixdemagalie.fr\/wp-content\/uploads\/2020\/07\/img20200705_10483611_page-0001-01.jpeg\" alt=\"Vitrine\" class=\"wp-image-2339\" srcset=\"https:\/\/lesptitescroixdemagalie.fr\/wp-content\/uploads\/2020\/07\/img20200705_10483611_page-0001-01.jpeg 486w, https:\/\/lesptitescroixdemagalie.fr\/wp-content\/uploads\/2020\/07\/img20200705_10483611_page-0001-01-416x446.jpeg 416w, https:\/\/lesptitescroixdemagalie.fr\/wp-content\/uploads\/2020\/07\/img20200705_10483611_page-0001-01-280x300.jpeg 280w\" sizes=\"(max-width: 486px) 100vw, 486px\" \/><\/figure><\/div>\n\n\n\n<p><br><\/p>\n\n\n\n<p>Cette vitrine \u00e9tait ma contribution pour la d\u00e9coration de la cuisine de ma maman. Evidemment, c\u2019est un kit, j\u2019aurai pu mais je ne l\u2019ai pas fabriqu\u00e9 moi-m\u00eame. Je l\u2019ai trouv\u00e9 tr\u00e8s ressemblant avec l\u2019int\u00e9rieur de la maison, avec sa couleur bois fonc\u00e9 comme les poutres\u2026 <br><br>C\u00f4t\u00e9 technique, je suis toujours impressionn\u00e9e par les motifs de petite taille avec beaucoup de d\u00e9tails qui se voient nettement&nbsp;: la couleur d\u00e9grad\u00e9e des fruits, les noyaux de cerises&nbsp;! J\u2019esp\u00e8re arriver \u00e0 ce niveau un jour. <br><br>Il n\u2019y a pas eu de difficult\u00e9s particuli\u00e8res, c\u2019\u00e9tait une petite surface donc pas de \u00ab&nbsp;raccord&nbsp;\u00bb entre les couleurs, tout \u00e9tait plut\u00f4t simple.<\/p>\n\n\n\n<div class=\"wp-block-image\"><figure class=\"aligncenter size-large is-resized\"><img decoding=\"async\" src=\"https:\/\/lesptitescroixdemagalie.fr\/wp-content\/uploads\/2022\/01\/20210612_100231-768x1024.jpg\" alt=\"\" class=\"wp-image-3841\" width=\"384\" height=\"512\" srcset=\"https:\/\/lesptitescroixdemagalie.fr\/wp-content\/uploads\/2022\/01\/20210612_100231-768x1024.jpg 768w, https:\/\/lesptitescroixdemagalie.fr\/wp-content\/uploads\/2022\/01\/20210612_100231-225x300.jpg 225w, https:\/\/lesptitescroixdemagalie.fr\/wp-content\/uploads\/2022\/01\/20210612_100231-1152x1536.jpg 1152w, https:\/\/lesptitescroixdemagalie.fr\/wp-content\/uploads\/2022\/01\/20210612_100231-1536x2048.jpg 1536w, https:\/\/lesptitescroixdemagalie.fr\/wp-content\/uploads\/2022\/01\/20210612_100231-scaled.jpg 1920w, https:\/\/lesptitescroixdemagalie.fr\/wp-content\/uploads\/2022\/01\/20210612_100231-1170x1560.jpg 1170w, https:\/\/lesptitescroixdemagalie.fr\/wp-content\/uploads\/2022\/01\/20210612_100231-585x780.jpg 585w, https:\/\/lesptitescroixdemagalie.fr\/wp-content\/uploads\/2022\/01\/20210612_100231-600x800.jpg 600w\" sizes=\"(max-width: 384px) 100vw, 384px\" \/><\/figure><\/div>\n\n\n\n<p><br>Je vous ai mis une photo que j\u2019ai prise r\u00e9cemment, la broderie n\u2019a pas boug\u00e9, les couleurs sont toujours aussi vives&nbsp;!<\/p>\n\n\n\n<ul class=\"has-normal-font-size wp-block-list\"><li>Temps moyen de r\u00e9alisation&nbsp;: non estim\u00e9<\/li><li>Points utilis\u00e9s&nbsp;: point de croix, point de piq\u00fbre<\/li><li>Dimensions&nbsp;: 10&#215;15 cm<\/li><li>Nombre de couleurs&nbsp;: 16<\/li><li>Fournitures&nbsp;: toile A\u00efda 5,5 pts, fil de coton moulin\u00e9, aiguille et cadre \u00ab&nbsp;\u00e9tag\u00e8re&nbsp;\u00bb fournit dans le kit<\/li><\/ul>\n\n\n\n<p><br><br>Vous avez aim\u00e9\u2026 ou pas&nbsp;!<\/p>\n\n\n\n<p>Laissez vos commentaires, vos impressions, un petit c\u0153ur, je vous r\u00e9pondrai avec plaisir&nbsp;!<\/p>\n\n\n\n<p>@ tr\u00e8s vite&nbsp;!<\/p>\n","protected":false},"excerpt":{"rendered":"<p>Cette vitrine \u00e9tait ma contribution pour la d\u00e9coration de la cuisine de ma maman. Evidemment, c\u2019est&hellip;<\/p>\n","protected":false},"author":1,"featured_media":2339,"comment_status":"open","ping_status":"open","sticky":false,"template":"","format":"standard","meta":{"inline_featured_image":false,"_monsterinsights_skip_tracking":false,"_monsterinsights_sitenote_active":false,"_monsterinsights_sitenote_note":"","_monsterinsights_sitenote_category":0,"footnotes":""},"categories":[24,31,28],"tags":[35,37,39],"class_list":["post-3837","post","type-post","status-publish","format-standard","has-post-thumbnail","hentry","category-archives-du-blog","category-blog","category-galerie-du-blog","tag-article","tag-kit","tag-point-de-croix"],"yoast_head":"<!-- This site is optimized with the Yoast SEO plugin v27.5 - https:\/\/yoast.com\/product\/yoast-seo-wordpress\/ -->\n<title>Vitrine - Les p\u2018tites croix de Magalie par Magalie Vincendon<\/title>\n<meta name=\"description\" content=\"Cette vitrine \u00e9tait ma contribution pour la d\u00e9coration de la cuisine de ma maman. Evidemment, c\u2019est un kit, j\u2019aurai pu mais je ne l\u2019ai pas fabriqu\u00e9 moi-m\u00eame. Je l\u2019ai trouv\u00e9 tr\u00e8s ressemblant avec l\u2019int\u00e9rieur de la maison, avec sa couleur bois fonc\u00e9 comme les poutres\u2026 Venez lire la suite de l&#039;histoire de cette vitrine au point de croix sur le blog &quot; Les p&#039;tites croix de Magalie &quot; sur l&#039;apprentissage et le partage de broderies au point de croix. @ tr\u00e8s vite !\" \/>\n<meta name=\"robots\" content=\"index, follow, max-snippet:-1, max-image-preview:large, max-video-preview:-1\" \/>\n<link rel=\"canonical\" href=\"https:\/\/lesptitescroixdemagalie.fr\/index.php\/2022\/04\/24\/vitrine\/\" \/>\n<meta property=\"og:locale\" content=\"fr_FR\" \/>\n<meta property=\"og:type\" content=\"article\" \/>\n<meta property=\"og:title\" content=\"Vitrine - Les p\u2018tites croix de Magalie par Magalie Vincendon\" \/>\n<meta property=\"og:description\" content=\"Cette vitrine \u00e9tait ma contribution pour la d\u00e9coration de la cuisine de ma maman. Evidemment, c\u2019est un kit, j\u2019aurai pu mais je ne l\u2019ai pas fabriqu\u00e9 moi-m\u00eame. Je l\u2019ai trouv\u00e9 tr\u00e8s ressemblant avec l\u2019int\u00e9rieur de la maison, avec sa couleur bois fonc\u00e9 comme les poutres\u2026 Venez lire la suite de l&#039;histoire de cette vitrine au point de croix sur le blog &quot; Les p&#039;tites croix de Magalie &quot; sur l&#039;apprentissage et le partage de broderies au point de croix. @ tr\u00e8s vite !\" \/>\n<meta property=\"og:url\" content=\"https:\/\/lesptitescroixdemagalie.fr\/index.php\/2022\/04\/24\/vitrine\/\" \/>\n<meta property=\"og:site_name\" content=\"Les p\u2018tites croix de Magalie par Magalie Vincendon\" \/>\n<meta property=\"article:published_time\" content=\"2022-04-24T10:04:51+00:00\" \/>\n<meta property=\"article:modified_time\" content=\"2022-04-24T10:04:52+00:00\" \/>\n<meta property=\"og:image\" content=\"https:\/\/lesptitescroixdemagalie.fr\/wp-content\/uploads\/2020\/07\/img20200705_10483611_page-0001-01.jpeg\" \/>\n\t<meta property=\"og:image:width\" content=\"486\" \/>\n\t<meta property=\"og:image:height\" content=\"521\" \/>\n\t<meta property=\"og:image:type\" content=\"image\/jpeg\" \/>\n<meta name=\"author\" content=\"Magalie\" \/>\n<meta name=\"twitter:card\" content=\"summary_large_image\" \/>\n<meta name=\"twitter:label1\" content=\"\u00c9crit par\" \/>\n\t<meta name=\"twitter:data1\" content=\"Magalie\" \/>\n\t<meta name=\"twitter:label2\" content=\"Dur\u00e9e de lecture estim\u00e9e\" \/>\n\t<meta name=\"twitter:data2\" content=\"2 minutes\" \/>\n<script type=\"application\/ld+json\" class=\"yoast-schema-graph\">{\"@context\":\"https:\\\/\\\/schema.org\",\"@graph\":[{\"@type\":\"Article\",\"@id\":\"https:\\\/\\\/lesptitescroixdemagalie.fr\\\/index.php\\\/2022\\\/04\\\/24\\\/vitrine\\\/#article\",\"isPartOf\":{\"@id\":\"https:\\\/\\\/lesptitescroixdemagalie.fr\\\/index.php\\\/2022\\\/04\\\/24\\\/vitrine\\\/\"},\"author\":{\"name\":\"Magalie\",\"@id\":\"https:\\\/\\\/lesptitescroixdemagalie.fr\\\/#\\\/schema\\\/person\\\/f139e87a4747b6f22763ca6a9e5f03d1\"},\"headline\":\"Vitrine\",\"datePublished\":\"2022-04-24T10:04:51+00:00\",\"dateModified\":\"2022-04-24T10:04:52+00:00\",\"mainEntityOfPage\":{\"@id\":\"https:\\\/\\\/lesptitescroixdemagalie.fr\\\/index.php\\\/2022\\\/04\\\/24\\\/vitrine\\\/\"},\"wordCount\":228,\"commentCount\":0,\"publisher\":{\"@id\":\"https:\\\/\\\/lesptitescroixdemagalie.fr\\\/#organization\"},\"image\":{\"@id\":\"https:\\\/\\\/lesptitescroixdemagalie.fr\\\/index.php\\\/2022\\\/04\\\/24\\\/vitrine\\\/#primaryimage\"},\"thumbnailUrl\":\"https:\\\/\\\/lesptitescroixdemagalie.fr\\\/wp-content\\\/uploads\\\/2020\\\/07\\\/img20200705_10483611_page-0001-01.jpeg\",\"keywords\":[\"article\",\"kit\",\"point de croix\"],\"articleSection\":[\"Archives du blog\",\"Blog\",\"Galerie du blog\"],\"inLanguage\":\"fr-FR\",\"potentialAction\":[{\"@type\":\"CommentAction\",\"name\":\"Comment\",\"target\":[\"https:\\\/\\\/lesptitescroixdemagalie.fr\\\/index.php\\\/2022\\\/04\\\/24\\\/vitrine\\\/#respond\"]}]},{\"@type\":\"WebPage\",\"@id\":\"https:\\\/\\\/lesptitescroixdemagalie.fr\\\/index.php\\\/2022\\\/04\\\/24\\\/vitrine\\\/\",\"url\":\"https:\\\/\\\/lesptitescroixdemagalie.fr\\\/index.php\\\/2022\\\/04\\\/24\\\/vitrine\\\/\",\"name\":\"Vitrine - Les p\u2018tites croix de Magalie par Magalie Vincendon\",\"isPartOf\":{\"@id\":\"https:\\\/\\\/lesptitescroixdemagalie.fr\\\/#website\"},\"primaryImageOfPage\":{\"@id\":\"https:\\\/\\\/lesptitescroixdemagalie.fr\\\/index.php\\\/2022\\\/04\\\/24\\\/vitrine\\\/#primaryimage\"},\"image\":{\"@id\":\"https:\\\/\\\/lesptitescroixdemagalie.fr\\\/index.php\\\/2022\\\/04\\\/24\\\/vitrine\\\/#primaryimage\"},\"thumbnailUrl\":\"https:\\\/\\\/lesptitescroixdemagalie.fr\\\/wp-content\\\/uploads\\\/2020\\\/07\\\/img20200705_10483611_page-0001-01.jpeg\",\"datePublished\":\"2022-04-24T10:04:51+00:00\",\"dateModified\":\"2022-04-24T10:04:52+00:00\",\"description\":\"Cette vitrine \u00e9tait ma contribution pour la d\u00e9coration de la cuisine de ma maman. Evidemment, c\u2019est un kit, j\u2019aurai pu mais je ne l\u2019ai pas fabriqu\u00e9 moi-m\u00eame. Je l\u2019ai trouv\u00e9 tr\u00e8s ressemblant avec l\u2019int\u00e9rieur de la maison, avec sa couleur bois fonc\u00e9 comme les poutres\u2026 Venez lire la suite de l'histoire de cette vitrine au point de croix sur le blog \\\" Les p'tites croix de Magalie \\\" sur l'apprentissage et le partage de broderies au point de croix. @ tr\u00e8s vite !\",\"breadcrumb\":{\"@id\":\"https:\\\/\\\/lesptitescroixdemagalie.fr\\\/index.php\\\/2022\\\/04\\\/24\\\/vitrine\\\/#breadcrumb\"},\"inLanguage\":\"fr-FR\",\"potentialAction\":[{\"@type\":\"ReadAction\",\"target\":[\"https:\\\/\\\/lesptitescroixdemagalie.fr\\\/index.php\\\/2022\\\/04\\\/24\\\/vitrine\\\/\"]}]},{\"@type\":\"ImageObject\",\"inLanguage\":\"fr-FR\",\"@id\":\"https:\\\/\\\/lesptitescroixdemagalie.fr\\\/index.php\\\/2022\\\/04\\\/24\\\/vitrine\\\/#primaryimage\",\"url\":\"https:\\\/\\\/lesptitescroixdemagalie.fr\\\/wp-content\\\/uploads\\\/2020\\\/07\\\/img20200705_10483611_page-0001-01.jpeg\",\"contentUrl\":\"https:\\\/\\\/lesptitescroixdemagalie.fr\\\/wp-content\\\/uploads\\\/2020\\\/07\\\/img20200705_10483611_page-0001-01.jpeg\",\"width\":486,\"height\":521,\"caption\":\"Vitrine\"},{\"@type\":\"BreadcrumbList\",\"@id\":\"https:\\\/\\\/lesptitescroixdemagalie.fr\\\/index.php\\\/2022\\\/04\\\/24\\\/vitrine\\\/#breadcrumb\",\"itemListElement\":[{\"@type\":\"ListItem\",\"position\":1,\"name\":\"Accueil\",\"item\":\"https:\\\/\\\/lesptitescroixdemagalie.fr\\\/\"},{\"@type\":\"ListItem\",\"position\":2,\"name\":\"Vitrine\"}]},{\"@type\":\"WebSite\",\"@id\":\"https:\\\/\\\/lesptitescroixdemagalie.fr\\\/#website\",\"url\":\"https:\\\/\\\/lesptitescroixdemagalie.fr\\\/\",\"name\":\"Les p\u2018tites croix de Magalie par Magalie Vincendon\",\"description\":\"Point de croix, D\u00e9tente, Partage &amp; Bien-Etre\",\"publisher\":{\"@id\":\"https:\\\/\\\/lesptitescroixdemagalie.fr\\\/#organization\"},\"potentialAction\":[{\"@type\":\"SearchAction\",\"target\":{\"@type\":\"EntryPoint\",\"urlTemplate\":\"https:\\\/\\\/lesptitescroixdemagalie.fr\\\/?s={search_term_string}\"},\"query-input\":{\"@type\":\"PropertyValueSpecification\",\"valueRequired\":true,\"valueName\":\"search_term_string\"}}],\"inLanguage\":\"fr-FR\"},{\"@type\":\"Organization\",\"@id\":\"https:\\\/\\\/lesptitescroixdemagalie.fr\\\/#organization\",\"name\":\"Les p'tites croix de Magalie\",\"url\":\"https:\\\/\\\/lesptitescroixdemagalie.fr\\\/\",\"logo\":{\"@type\":\"ImageObject\",\"inLanguage\":\"fr-FR\",\"@id\":\"https:\\\/\\\/lesptitescroixdemagalie.fr\\\/#\\\/schema\\\/logo\\\/image\\\/\",\"url\":\"https:\\\/\\\/lesptitescroixdemagalie.fr\\\/wp-content\\\/uploads\\\/2022\\\/07\\\/Logo-noir-fond-blanc.png\",\"contentUrl\":\"https:\\\/\\\/lesptitescroixdemagalie.fr\\\/wp-content\\\/uploads\\\/2022\\\/07\\\/Logo-noir-fond-blanc.png\",\"width\":280,\"height\":350,\"caption\":\"Les p'tites croix de Magalie\"},\"image\":{\"@id\":\"https:\\\/\\\/lesptitescroixdemagalie.fr\\\/#\\\/schema\\\/logo\\\/image\\\/\"}},{\"@type\":\"Person\",\"@id\":\"https:\\\/\\\/lesptitescroixdemagalie.fr\\\/#\\\/schema\\\/person\\\/f139e87a4747b6f22763ca6a9e5f03d1\",\"name\":\"Magalie\",\"image\":{\"@type\":\"ImageObject\",\"inLanguage\":\"fr-FR\",\"@id\":\"https:\\\/\\\/secure.gravatar.com\\\/avatar\\\/2bdc3ffed3c31f28c412a7f0b0daa5cda38bcb7850b7166eaa9857f671d1d915?s=96&d=mm&r=g\",\"url\":\"https:\\\/\\\/secure.gravatar.com\\\/avatar\\\/2bdc3ffed3c31f28c412a7f0b0daa5cda38bcb7850b7166eaa9857f671d1d915?s=96&d=mm&r=g\",\"contentUrl\":\"https:\\\/\\\/secure.gravatar.com\\\/avatar\\\/2bdc3ffed3c31f28c412a7f0b0daa5cda38bcb7850b7166eaa9857f671d1d915?s=96&d=mm&r=g\",\"caption\":\"Magalie\"}}]}<\/script>\n<!-- \/ Yoast SEO plugin. -->","yoast_head_json":{"title":"Vitrine - Les p\u2018tites croix de Magalie par Magalie Vincendon","description":"Cette vitrine \u00e9tait ma contribution pour la d\u00e9coration de la cuisine de ma maman. Evidemment, c\u2019est un kit, j\u2019aurai pu mais je ne l\u2019ai pas fabriqu\u00e9 moi-m\u00eame. Je l\u2019ai trouv\u00e9 tr\u00e8s ressemblant avec l\u2019int\u00e9rieur de la maison, avec sa couleur bois fonc\u00e9 comme les poutres\u2026 Venez lire la suite de l'histoire de cette vitrine au point de croix sur le blog \" Les p'tites croix de Magalie \" sur l'apprentissage et le partage de broderies au point de croix. @ tr\u00e8s vite !","robots":{"index":"index","follow":"follow","max-snippet":"max-snippet:-1","max-image-preview":"max-image-preview:large","max-video-preview":"max-video-preview:-1"},"canonical":"https:\/\/lesptitescroixdemagalie.fr\/index.php\/2022\/04\/24\/vitrine\/","og_locale":"fr_FR","og_type":"article","og_title":"Vitrine - Les p\u2018tites croix de Magalie par Magalie Vincendon","og_description":"Cette vitrine \u00e9tait ma contribution pour la d\u00e9coration de la cuisine de ma maman. Evidemment, c\u2019est un kit, j\u2019aurai pu mais je ne l\u2019ai pas fabriqu\u00e9 moi-m\u00eame. Je l\u2019ai trouv\u00e9 tr\u00e8s ressemblant avec l\u2019int\u00e9rieur de la maison, avec sa couleur bois fonc\u00e9 comme les poutres\u2026 Venez lire la suite de l'histoire de cette vitrine au point de croix sur le blog \" Les p'tites croix de Magalie \" sur l'apprentissage et le partage de broderies au point de croix. @ tr\u00e8s vite !","og_url":"https:\/\/lesptitescroixdemagalie.fr\/index.php\/2022\/04\/24\/vitrine\/","og_site_name":"Les p\u2018tites croix de Magalie par Magalie Vincendon","article_published_time":"2022-04-24T10:04:51+00:00","article_modified_time":"2022-04-24T10:04:52+00:00","og_image":[{"width":486,"height":521,"url":"https:\/\/lesptitescroixdemagalie.fr\/wp-content\/uploads\/2020\/07\/img20200705_10483611_page-0001-01.jpeg","type":"image\/jpeg"}],"author":"Magalie","twitter_card":"summary_large_image","twitter_misc":{"\u00c9crit par":"Magalie","Dur\u00e9e de lecture estim\u00e9e":"2 minutes"},"schema":{"@context":"https:\/\/schema.org","@graph":[{"@type":"Article","@id":"https:\/\/lesptitescroixdemagalie.fr\/index.php\/2022\/04\/24\/vitrine\/#article","isPartOf":{"@id":"https:\/\/lesptitescroixdemagalie.fr\/index.php\/2022\/04\/24\/vitrine\/"},"author":{"name":"Magalie","@id":"https:\/\/lesptitescroixdemagalie.fr\/#\/schema\/person\/f139e87a4747b6f22763ca6a9e5f03d1"},"headline":"Vitrine","datePublished":"2022-04-24T10:04:51+00:00","dateModified":"2022-04-24T10:04:52+00:00","mainEntityOfPage":{"@id":"https:\/\/lesptitescroixdemagalie.fr\/index.php\/2022\/04\/24\/vitrine\/"},"wordCount":228,"commentCount":0,"publisher":{"@id":"https:\/\/lesptitescroixdemagalie.fr\/#organization"},"image":{"@id":"https:\/\/lesptitescroixdemagalie.fr\/index.php\/2022\/04\/24\/vitrine\/#primaryimage"},"thumbnailUrl":"https:\/\/lesptitescroixdemagalie.fr\/wp-content\/uploads\/2020\/07\/img20200705_10483611_page-0001-01.jpeg","keywords":["article","kit","point de croix"],"articleSection":["Archives du blog","Blog","Galerie du blog"],"inLanguage":"fr-FR","potentialAction":[{"@type":"CommentAction","name":"Comment","target":["https:\/\/lesptitescroixdemagalie.fr\/index.php\/2022\/04\/24\/vitrine\/#respond"]}]},{"@type":"WebPage","@id":"https:\/\/lesptitescroixdemagalie.fr\/index.php\/2022\/04\/24\/vitrine\/","url":"https:\/\/lesptitescroixdemagalie.fr\/index.php\/2022\/04\/24\/vitrine\/","name":"Vitrine - Les p\u2018tites croix de Magalie par Magalie Vincendon","isPartOf":{"@id":"https:\/\/lesptitescroixdemagalie.fr\/#website"},"primaryImageOfPage":{"@id":"https:\/\/lesptitescroixdemagalie.fr\/index.php\/2022\/04\/24\/vitrine\/#primaryimage"},"image":{"@id":"https:\/\/lesptitescroixdemagalie.fr\/index.php\/2022\/04\/24\/vitrine\/#primaryimage"},"thumbnailUrl":"https:\/\/lesptitescroixdemagalie.fr\/wp-content\/uploads\/2020\/07\/img20200705_10483611_page-0001-01.jpeg","datePublished":"2022-04-24T10:04:51+00:00","dateModified":"2022-04-24T10:04:52+00:00","description":"Cette vitrine \u00e9tait ma contribution pour la d\u00e9coration de la cuisine de ma maman. Evidemment, c\u2019est un kit, j\u2019aurai pu mais je ne l\u2019ai pas fabriqu\u00e9 moi-m\u00eame. Je l\u2019ai trouv\u00e9 tr\u00e8s ressemblant avec l\u2019int\u00e9rieur de la maison, avec sa couleur bois fonc\u00e9 comme les poutres\u2026 Venez lire la suite de l'histoire de cette vitrine au point de croix sur le blog \" Les p'tites croix de Magalie \" sur l'apprentissage et le partage de broderies au point de croix. @ tr\u00e8s vite !","breadcrumb":{"@id":"https:\/\/lesptitescroixdemagalie.fr\/index.php\/2022\/04\/24\/vitrine\/#breadcrumb"},"inLanguage":"fr-FR","potentialAction":[{"@type":"ReadAction","target":["https:\/\/lesptitescroixdemagalie.fr\/index.php\/2022\/04\/24\/vitrine\/"]}]},{"@type":"ImageObject","inLanguage":"fr-FR","@id":"https:\/\/lesptitescroixdemagalie.fr\/index.php\/2022\/04\/24\/vitrine\/#primaryimage","url":"https:\/\/lesptitescroixdemagalie.fr\/wp-content\/uploads\/2020\/07\/img20200705_10483611_page-0001-01.jpeg","contentUrl":"https:\/\/lesptitescroixdemagalie.fr\/wp-content\/uploads\/2020\/07\/img20200705_10483611_page-0001-01.jpeg","width":486,"height":521,"caption":"Vitrine"},{"@type":"BreadcrumbList","@id":"https:\/\/lesptitescroixdemagalie.fr\/index.php\/2022\/04\/24\/vitrine\/#breadcrumb","itemListElement":[{"@type":"ListItem","position":1,"name":"Accueil","item":"https:\/\/lesptitescroixdemagalie.fr\/"},{"@type":"ListItem","position":2,"name":"Vitrine"}]},{"@type":"WebSite","@id":"https:\/\/lesptitescroixdemagalie.fr\/#website","url":"https:\/\/lesptitescroixdemagalie.fr\/","name":"Les p\u2018tites croix de Magalie par Magalie Vincendon","description":"Point de croix, D\u00e9tente, Partage &amp; Bien-Etre","publisher":{"@id":"https:\/\/lesptitescroixdemagalie.fr\/#organization"},"potentialAction":[{"@type":"SearchAction","target":{"@type":"EntryPoint","urlTemplate":"https:\/\/lesptitescroixdemagalie.fr\/?s={search_term_string}"},"query-input":{"@type":"PropertyValueSpecification","valueRequired":true,"valueName":"search_term_string"}}],"inLanguage":"fr-FR"},{"@type":"Organization","@id":"https:\/\/lesptitescroixdemagalie.fr\/#organization","name":"Les p'tites croix de Magalie","url":"https:\/\/lesptitescroixdemagalie.fr\/","logo":{"@type":"ImageObject","inLanguage":"fr-FR","@id":"https:\/\/lesptitescroixdemagalie.fr\/#\/schema\/logo\/image\/","url":"https:\/\/lesptitescroixdemagalie.fr\/wp-content\/uploads\/2022\/07\/Logo-noir-fond-blanc.png","contentUrl":"https:\/\/lesptitescroixdemagalie.fr\/wp-content\/uploads\/2022\/07\/Logo-noir-fond-blanc.png","width":280,"height":350,"caption":"Les p'tites croix de Magalie"},"image":{"@id":"https:\/\/lesptitescroixdemagalie.fr\/#\/schema\/logo\/image\/"}},{"@type":"Person","@id":"https:\/\/lesptitescroixdemagalie.fr\/#\/schema\/person\/f139e87a4747b6f22763ca6a9e5f03d1","name":"Magalie","image":{"@type":"ImageObject","inLanguage":"fr-FR","@id":"https:\/\/secure.gravatar.com\/avatar\/2bdc3ffed3c31f28c412a7f0b0daa5cda38bcb7850b7166eaa9857f671d1d915?s=96&d=mm&r=g","url":"https:\/\/secure.gravatar.com\/avatar\/2bdc3ffed3c31f28c412a7f0b0daa5cda38bcb7850b7166eaa9857f671d1d915?s=96&d=mm&r=g","contentUrl":"https:\/\/secure.gravatar.com\/avatar\/2bdc3ffed3c31f28c412a7f0b0daa5cda38bcb7850b7166eaa9857f671d1d915?s=96&d=mm&r=g","caption":"Magalie"}}]}},"_links":{"self":[{"href":"https:\/\/lesptitescroixdemagalie.fr\/index.php\/wp-json\/wp\/v2\/posts\/3837","targetHints":{"allow":["GET"]}}],"collection":[{"href":"https:\/\/lesptitescroixdemagalie.fr\/index.php\/wp-json\/wp\/v2\/posts"}],"about":[{"href":"https:\/\/lesptitescroixdemagalie.fr\/index.php\/wp-json\/wp\/v2\/types\/post"}],"author":[{"embeddable":true,"href":"https:\/\/lesptitescroixdemagalie.fr\/index.php\/wp-json\/wp\/v2\/users\/1"}],"replies":[{"embeddable":true,"href":"https:\/\/lesptitescroixdemagalie.fr\/index.php\/wp-json\/wp\/v2\/comments?post=3837"}],"version-history":[{"count":3,"href":"https:\/\/lesptitescroixdemagalie.fr\/index.php\/wp-json\/wp\/v2\/posts\/3837\/revisions"}],"predecessor-version":[{"id":3912,"href":"https:\/\/lesptitescroixdemagalie.fr\/index.php\/wp-json\/wp\/v2\/posts\/3837\/revisions\/3912"}],"wp:featuredmedia":[{"embeddable":true,"href":"https:\/\/lesptitescroixdemagalie.fr\/index.php\/wp-json\/wp\/v2\/media\/2339"}],"wp:attachment":[{"href":"https:\/\/lesptitescroixdemagalie.fr\/index.php\/wp-json\/wp\/v2\/media?parent=3837"}],"wp:term":[{"taxonomy":"category","embeddable":true,"href":"https:\/\/lesptitescroixdemagalie.fr\/index.php\/wp-json\/wp\/v2\/categories?post=3837"},{"taxonomy":"post_tag","embeddable":true,"href":"https:\/\/lesptitescroixdemagalie.fr\/index.php\/wp-json\/wp\/v2\/tags?post=3837"}],"curies":[{"name":"wp","href":"https:\/\/api.w.org\/{rel}","templated":true}]}}