{"id":3835,"date":"2022-03-27T10:16:55","date_gmt":"2022-03-27T08:16:55","guid":{"rendered":"https:\/\/lesptitescroixdemagalie.fr\/?p=3835"},"modified":"2022-03-27T10:16:56","modified_gmt":"2022-03-27T08:16:56","slug":"couverture-emma","status":"publish","type":"post","link":"https:\/\/lesptitescroixdemagalie.fr\/index.php\/2022\/03\/27\/couverture-emma\/","title":{"rendered":"Couverture Emma"},"content":{"rendered":"\n<div class=\"wp-block-image\"><figure class=\"aligncenter size-full is-resized\"><img fetchpriority=\"high\" decoding=\"async\" src=\"https:\/\/lesptitescroixdemagalie.fr\/wp-content\/uploads\/2020\/07\/img20200705_10471496_page-0001-01.jpeg\" alt=\"Couverture Emma\" class=\"wp-image-2338\" width=\"383\" height=\"475\" srcset=\"https:\/\/lesptitescroixdemagalie.fr\/wp-content\/uploads\/2020\/07\/img20200705_10471496_page-0001-01.jpeg 511w, https:\/\/lesptitescroixdemagalie.fr\/wp-content\/uploads\/2020\/07\/img20200705_10471496_page-0001-01-416x515.jpeg 416w, https:\/\/lesptitescroixdemagalie.fr\/wp-content\/uploads\/2020\/07\/img20200705_10471496_page-0001-01-242x300.jpeg 242w\" sizes=\"(max-width: 383px) 100vw, 383px\" \/><\/figure><\/div>\n\n\n\n<p><br><\/p>\n\n\n\n<p>Superbe ouvrage cette deuxi\u00e8me couverture\u00a0! En la revoyant, je n\u2019en reviens toujours pas, c\u2019est moi qui l\u2019ai faite\u00a0! <br><br>C\u2019\u00e9tait un cadeau de naissance pour une petite-cousine, ma premi\u00e8re composition. Je me suis bien amus\u00e9e avec des motifs qui me plaisaient \u00e9norm\u00e9ment. <br><br>C\u00f4t\u00e9 technique, ce fut un vrai d\u00e9lice. Pour la petite histoire, la carte de la Martinique a \u00e9t\u00e9 faite \u00e0 partir d\u2019une vraie dont j\u2019ai pris les contours et que j\u2019ai \u00e9paissi pour donner du volume. Le personnage, trop chou, est le m\u00eame dans des proportions diff\u00e9rentes,  je me suis beaucoup amus\u00e9e. <br><br>La bordure est faite en tissu madras que j\u2019ai d\u00e9coup\u00e9 en bandes et en angle. <br><br>De nouveau de la couture, j\u2019aime bien les m\u00e9langes de technique. <br><br>Cette couverture \u00e9tait tr\u00e8s grande car je voulais qu\u2019elle lui serve longtemps, d\u2019o\u00f9 la petite puis la grande fille. Je ne sais pas ce qu\u2019est devenue cette couverture, mais je l\u2019aime beaucoup\u00a0!<\/p>\n\n\n\n<ul class=\"has-normal-font-size wp-block-list\"><li>Temps moyen de r\u00e9alisation&nbsp;: non estim\u00e9<\/li><li>Points utilis\u00e9s&nbsp;: point de croix, demi-point<\/li><li>Dimensions&nbsp;: 100&#215;70 cm<\/li><li>M\u00e9thode d\u2019agrandissement&nbsp;: pour la petite fille, j\u2019ai ajout\u00e9 des lignes en horizontale pour l\u2019allonger.<\/li><li>Fournitures&nbsp;: toile A\u00efda 5,5 pts, fil de coton moulin\u00e9, aiguille, tissu madras<\/li><\/ul>\n\n\n\n<p><br><br>Vous avez aim\u00e9\u2026 ou pas&nbsp;!<\/p>\n\n\n\n<p>Laissez vos commentaires, vos impressions, un petit c\u0153ur, je vous r\u00e9pondrai avec plaisir&nbsp;!<\/p>\n\n\n\n<p>@ tr\u00e8s vite&nbsp;!<\/p>\n","protected":false},"excerpt":{"rendered":"<p>Superbe ouvrage cette deuxi\u00e8me couverture\u00a0! En la revoyant, je n\u2019en reviens toujours pas, c\u2019est moi qui&hellip;<\/p>\n","protected":false},"author":1,"featured_media":2338,"comment_status":"open","ping_status":"open","sticky":false,"template":"","format":"standard","meta":{"inline_featured_image":false,"_monsterinsights_skip_tracking":false,"_monsterinsights_sitenote_active":false,"_monsterinsights_sitenote_note":"","_monsterinsights_sitenote_category":0,"footnotes":""},"categories":[24,31,28],"tags":[35,36,39],"class_list":["post-3835","post","type-post","status-publish","format-standard","has-post-thumbnail","hentry","category-archives-du-blog","category-blog","category-galerie-du-blog","tag-article","tag-creation","tag-point-de-croix"],"yoast_head":"<!-- This site is optimized with the Yoast SEO plugin v27.5 - https:\/\/yoast.com\/product\/yoast-seo-wordpress\/ -->\n<title>Couverture Emma - Les p\u2018tites croix de Magalie par Magalie Vincendon<\/title>\n<meta name=\"description\" content=\"Superbe ouvrage cette deuxi\u00e8me couverture\u00a0! En la revoyant, je n\u2019en reviens toujours pas, c\u2019est moi qui l\u2019ai faite\u00a0! C\u2019\u00e9tait un cadeau de naissance pour une petite-cousine, ma premi\u00e8re ... Venez d\u00e9couvrir la suite de l&#039;histoire de la couverture Emma au point de croix sur le blog &quot; Les p&#039;tites croix de Magalie &quot; sur l&#039;apprentissage et le partage de la broderie au point de croix. @ tr\u00e8s vite !\" \/>\n<meta name=\"robots\" content=\"index, follow, max-snippet:-1, max-image-preview:large, max-video-preview:-1\" \/>\n<link rel=\"canonical\" href=\"https:\/\/lesptitescroixdemagalie.fr\/index.php\/2022\/03\/27\/couverture-emma\/\" \/>\n<meta property=\"og:locale\" content=\"fr_FR\" \/>\n<meta property=\"og:type\" content=\"article\" \/>\n<meta property=\"og:title\" content=\"Couverture Emma - Les p\u2018tites croix de Magalie par Magalie Vincendon\" \/>\n<meta property=\"og:description\" content=\"Superbe ouvrage cette deuxi\u00e8me couverture\u00a0! En la revoyant, je n\u2019en reviens toujours pas, c\u2019est moi qui l\u2019ai faite\u00a0! C\u2019\u00e9tait un cadeau de naissance pour une petite-cousine, ma premi\u00e8re ... Venez d\u00e9couvrir la suite de l&#039;histoire de la couverture Emma au point de croix sur le blog &quot; Les p&#039;tites croix de Magalie &quot; sur l&#039;apprentissage et le partage de la broderie au point de croix. @ tr\u00e8s vite !\" \/>\n<meta property=\"og:url\" content=\"https:\/\/lesptitescroixdemagalie.fr\/index.php\/2022\/03\/27\/couverture-emma\/\" \/>\n<meta property=\"og:site_name\" content=\"Les p\u2018tites croix de Magalie par Magalie Vincendon\" \/>\n<meta property=\"article:published_time\" content=\"2022-03-27T08:16:55+00:00\" \/>\n<meta property=\"article:modified_time\" content=\"2022-03-27T08:16:56+00:00\" \/>\n<meta property=\"og:image\" content=\"https:\/\/lesptitescroixdemagalie.fr\/wp-content\/uploads\/2020\/07\/img20200705_10471496_page-0001-01.jpeg\" \/>\n\t<meta property=\"og:image:width\" content=\"511\" \/>\n\t<meta property=\"og:image:height\" content=\"633\" \/>\n\t<meta property=\"og:image:type\" content=\"image\/jpeg\" \/>\n<meta name=\"author\" content=\"Magalie\" \/>\n<meta name=\"twitter:card\" content=\"summary_large_image\" \/>\n<meta name=\"twitter:label1\" content=\"\u00c9crit par\" \/>\n\t<meta name=\"twitter:data1\" content=\"Magalie\" \/>\n\t<meta name=\"twitter:label2\" content=\"Dur\u00e9e de lecture estim\u00e9e\" \/>\n\t<meta name=\"twitter:data2\" content=\"2 minutes\" \/>\n<script type=\"application\/ld+json\" class=\"yoast-schema-graph\">{\"@context\":\"https:\\\/\\\/schema.org\",\"@graph\":[{\"@type\":\"Article\",\"@id\":\"https:\\\/\\\/lesptitescroixdemagalie.fr\\\/index.php\\\/2022\\\/03\\\/27\\\/couverture-emma\\\/#article\",\"isPartOf\":{\"@id\":\"https:\\\/\\\/lesptitescroixdemagalie.fr\\\/index.php\\\/2022\\\/03\\\/27\\\/couverture-emma\\\/\"},\"author\":{\"name\":\"Magalie\",\"@id\":\"https:\\\/\\\/lesptitescroixdemagalie.fr\\\/#\\\/schema\\\/person\\\/f139e87a4747b6f22763ca6a9e5f03d1\"},\"headline\":\"Couverture Emma\",\"datePublished\":\"2022-03-27T08:16:55+00:00\",\"dateModified\":\"2022-03-27T08:16:56+00:00\",\"mainEntityOfPage\":{\"@id\":\"https:\\\/\\\/lesptitescroixdemagalie.fr\\\/index.php\\\/2022\\\/03\\\/27\\\/couverture-emma\\\/\"},\"wordCount\":255,\"commentCount\":0,\"publisher\":{\"@id\":\"https:\\\/\\\/lesptitescroixdemagalie.fr\\\/#organization\"},\"image\":{\"@id\":\"https:\\\/\\\/lesptitescroixdemagalie.fr\\\/index.php\\\/2022\\\/03\\\/27\\\/couverture-emma\\\/#primaryimage\"},\"thumbnailUrl\":\"https:\\\/\\\/lesptitescroixdemagalie.fr\\\/wp-content\\\/uploads\\\/2020\\\/07\\\/img20200705_10471496_page-0001-01.jpeg\",\"keywords\":[\"article\",\"cr\u00e9ation\",\"point de croix\"],\"articleSection\":[\"Archives du blog\",\"Blog\",\"Galerie du blog\"],\"inLanguage\":\"fr-FR\",\"potentialAction\":[{\"@type\":\"CommentAction\",\"name\":\"Comment\",\"target\":[\"https:\\\/\\\/lesptitescroixdemagalie.fr\\\/index.php\\\/2022\\\/03\\\/27\\\/couverture-emma\\\/#respond\"]}]},{\"@type\":\"WebPage\",\"@id\":\"https:\\\/\\\/lesptitescroixdemagalie.fr\\\/index.php\\\/2022\\\/03\\\/27\\\/couverture-emma\\\/\",\"url\":\"https:\\\/\\\/lesptitescroixdemagalie.fr\\\/index.php\\\/2022\\\/03\\\/27\\\/couverture-emma\\\/\",\"name\":\"Couverture Emma - Les p\u2018tites croix de Magalie par Magalie Vincendon\",\"isPartOf\":{\"@id\":\"https:\\\/\\\/lesptitescroixdemagalie.fr\\\/#website\"},\"primaryImageOfPage\":{\"@id\":\"https:\\\/\\\/lesptitescroixdemagalie.fr\\\/index.php\\\/2022\\\/03\\\/27\\\/couverture-emma\\\/#primaryimage\"},\"image\":{\"@id\":\"https:\\\/\\\/lesptitescroixdemagalie.fr\\\/index.php\\\/2022\\\/03\\\/27\\\/couverture-emma\\\/#primaryimage\"},\"thumbnailUrl\":\"https:\\\/\\\/lesptitescroixdemagalie.fr\\\/wp-content\\\/uploads\\\/2020\\\/07\\\/img20200705_10471496_page-0001-01.jpeg\",\"datePublished\":\"2022-03-27T08:16:55+00:00\",\"dateModified\":\"2022-03-27T08:16:56+00:00\",\"description\":\"Superbe ouvrage cette deuxi\u00e8me couverture\u00a0! En la revoyant, je n\u2019en reviens toujours pas, c\u2019est moi qui l\u2019ai faite\u00a0! C\u2019\u00e9tait un cadeau de naissance pour une petite-cousine, ma premi\u00e8re ... Venez d\u00e9couvrir la suite de l'histoire de la couverture Emma au point de croix sur le blog \\\" Les p'tites croix de Magalie \\\" sur l'apprentissage et le partage de la broderie au point de croix. @ tr\u00e8s vite !\",\"breadcrumb\":{\"@id\":\"https:\\\/\\\/lesptitescroixdemagalie.fr\\\/index.php\\\/2022\\\/03\\\/27\\\/couverture-emma\\\/#breadcrumb\"},\"inLanguage\":\"fr-FR\",\"potentialAction\":[{\"@type\":\"ReadAction\",\"target\":[\"https:\\\/\\\/lesptitescroixdemagalie.fr\\\/index.php\\\/2022\\\/03\\\/27\\\/couverture-emma\\\/\"]}]},{\"@type\":\"ImageObject\",\"inLanguage\":\"fr-FR\",\"@id\":\"https:\\\/\\\/lesptitescroixdemagalie.fr\\\/index.php\\\/2022\\\/03\\\/27\\\/couverture-emma\\\/#primaryimage\",\"url\":\"https:\\\/\\\/lesptitescroixdemagalie.fr\\\/wp-content\\\/uploads\\\/2020\\\/07\\\/img20200705_10471496_page-0001-01.jpeg\",\"contentUrl\":\"https:\\\/\\\/lesptitescroixdemagalie.fr\\\/wp-content\\\/uploads\\\/2020\\\/07\\\/img20200705_10471496_page-0001-01.jpeg\",\"width\":511,\"height\":633,\"caption\":\"Couverture Emma\"},{\"@type\":\"BreadcrumbList\",\"@id\":\"https:\\\/\\\/lesptitescroixdemagalie.fr\\\/index.php\\\/2022\\\/03\\\/27\\\/couverture-emma\\\/#breadcrumb\",\"itemListElement\":[{\"@type\":\"ListItem\",\"position\":1,\"name\":\"Accueil\",\"item\":\"https:\\\/\\\/lesptitescroixdemagalie.fr\\\/\"},{\"@type\":\"ListItem\",\"position\":2,\"name\":\"Couverture Emma\"}]},{\"@type\":\"WebSite\",\"@id\":\"https:\\\/\\\/lesptitescroixdemagalie.fr\\\/#website\",\"url\":\"https:\\\/\\\/lesptitescroixdemagalie.fr\\\/\",\"name\":\"Les p\u2018tites croix de Magalie par Magalie Vincendon\",\"description\":\"Point de croix, D\u00e9tente, Partage &amp; Bien-Etre\",\"publisher\":{\"@id\":\"https:\\\/\\\/lesptitescroixdemagalie.fr\\\/#organization\"},\"potentialAction\":[{\"@type\":\"SearchAction\",\"target\":{\"@type\":\"EntryPoint\",\"urlTemplate\":\"https:\\\/\\\/lesptitescroixdemagalie.fr\\\/?s={search_term_string}\"},\"query-input\":{\"@type\":\"PropertyValueSpecification\",\"valueRequired\":true,\"valueName\":\"search_term_string\"}}],\"inLanguage\":\"fr-FR\"},{\"@type\":\"Organization\",\"@id\":\"https:\\\/\\\/lesptitescroixdemagalie.fr\\\/#organization\",\"name\":\"Les p'tites croix de Magalie\",\"url\":\"https:\\\/\\\/lesptitescroixdemagalie.fr\\\/\",\"logo\":{\"@type\":\"ImageObject\",\"inLanguage\":\"fr-FR\",\"@id\":\"https:\\\/\\\/lesptitescroixdemagalie.fr\\\/#\\\/schema\\\/logo\\\/image\\\/\",\"url\":\"https:\\\/\\\/lesptitescroixdemagalie.fr\\\/wp-content\\\/uploads\\\/2022\\\/07\\\/Logo-noir-fond-blanc.png\",\"contentUrl\":\"https:\\\/\\\/lesptitescroixdemagalie.fr\\\/wp-content\\\/uploads\\\/2022\\\/07\\\/Logo-noir-fond-blanc.png\",\"width\":280,\"height\":350,\"caption\":\"Les p'tites croix de Magalie\"},\"image\":{\"@id\":\"https:\\\/\\\/lesptitescroixdemagalie.fr\\\/#\\\/schema\\\/logo\\\/image\\\/\"}},{\"@type\":\"Person\",\"@id\":\"https:\\\/\\\/lesptitescroixdemagalie.fr\\\/#\\\/schema\\\/person\\\/f139e87a4747b6f22763ca6a9e5f03d1\",\"name\":\"Magalie\",\"image\":{\"@type\":\"ImageObject\",\"inLanguage\":\"fr-FR\",\"@id\":\"https:\\\/\\\/secure.gravatar.com\\\/avatar\\\/2bdc3ffed3c31f28c412a7f0b0daa5cda38bcb7850b7166eaa9857f671d1d915?s=96&d=mm&r=g\",\"url\":\"https:\\\/\\\/secure.gravatar.com\\\/avatar\\\/2bdc3ffed3c31f28c412a7f0b0daa5cda38bcb7850b7166eaa9857f671d1d915?s=96&d=mm&r=g\",\"contentUrl\":\"https:\\\/\\\/secure.gravatar.com\\\/avatar\\\/2bdc3ffed3c31f28c412a7f0b0daa5cda38bcb7850b7166eaa9857f671d1d915?s=96&d=mm&r=g\",\"caption\":\"Magalie\"}}]}<\/script>\n<!-- \/ Yoast SEO plugin. -->","yoast_head_json":{"title":"Couverture Emma - Les p\u2018tites croix de Magalie par Magalie Vincendon","description":"Superbe ouvrage cette deuxi\u00e8me couverture\u00a0! En la revoyant, je n\u2019en reviens toujours pas, c\u2019est moi qui l\u2019ai faite\u00a0! C\u2019\u00e9tait un cadeau de naissance pour une petite-cousine, ma premi\u00e8re ... Venez d\u00e9couvrir la suite de l'histoire de la couverture Emma au point de croix sur le blog \" Les p'tites croix de Magalie \" sur l'apprentissage et le partage de la broderie au point de croix. @ tr\u00e8s vite !","robots":{"index":"index","follow":"follow","max-snippet":"max-snippet:-1","max-image-preview":"max-image-preview:large","max-video-preview":"max-video-preview:-1"},"canonical":"https:\/\/lesptitescroixdemagalie.fr\/index.php\/2022\/03\/27\/couverture-emma\/","og_locale":"fr_FR","og_type":"article","og_title":"Couverture Emma - Les p\u2018tites croix de Magalie par Magalie Vincendon","og_description":"Superbe ouvrage cette deuxi\u00e8me couverture\u00a0! En la revoyant, je n\u2019en reviens toujours pas, c\u2019est moi qui l\u2019ai faite\u00a0! C\u2019\u00e9tait un cadeau de naissance pour une petite-cousine, ma premi\u00e8re ... Venez d\u00e9couvrir la suite de l'histoire de la couverture Emma au point de croix sur le blog \" Les p'tites croix de Magalie \" sur l'apprentissage et le partage de la broderie au point de croix. @ tr\u00e8s vite !","og_url":"https:\/\/lesptitescroixdemagalie.fr\/index.php\/2022\/03\/27\/couverture-emma\/","og_site_name":"Les p\u2018tites croix de Magalie par Magalie Vincendon","article_published_time":"2022-03-27T08:16:55+00:00","article_modified_time":"2022-03-27T08:16:56+00:00","og_image":[{"width":511,"height":633,"url":"https:\/\/lesptitescroixdemagalie.fr\/wp-content\/uploads\/2020\/07\/img20200705_10471496_page-0001-01.jpeg","type":"image\/jpeg"}],"author":"Magalie","twitter_card":"summary_large_image","twitter_misc":{"\u00c9crit par":"Magalie","Dur\u00e9e de lecture estim\u00e9e":"2 minutes"},"schema":{"@context":"https:\/\/schema.org","@graph":[{"@type":"Article","@id":"https:\/\/lesptitescroixdemagalie.fr\/index.php\/2022\/03\/27\/couverture-emma\/#article","isPartOf":{"@id":"https:\/\/lesptitescroixdemagalie.fr\/index.php\/2022\/03\/27\/couverture-emma\/"},"author":{"name":"Magalie","@id":"https:\/\/lesptitescroixdemagalie.fr\/#\/schema\/person\/f139e87a4747b6f22763ca6a9e5f03d1"},"headline":"Couverture Emma","datePublished":"2022-03-27T08:16:55+00:00","dateModified":"2022-03-27T08:16:56+00:00","mainEntityOfPage":{"@id":"https:\/\/lesptitescroixdemagalie.fr\/index.php\/2022\/03\/27\/couverture-emma\/"},"wordCount":255,"commentCount":0,"publisher":{"@id":"https:\/\/lesptitescroixdemagalie.fr\/#organization"},"image":{"@id":"https:\/\/lesptitescroixdemagalie.fr\/index.php\/2022\/03\/27\/couverture-emma\/#primaryimage"},"thumbnailUrl":"https:\/\/lesptitescroixdemagalie.fr\/wp-content\/uploads\/2020\/07\/img20200705_10471496_page-0001-01.jpeg","keywords":["article","cr\u00e9ation","point de croix"],"articleSection":["Archives du blog","Blog","Galerie du blog"],"inLanguage":"fr-FR","potentialAction":[{"@type":"CommentAction","name":"Comment","target":["https:\/\/lesptitescroixdemagalie.fr\/index.php\/2022\/03\/27\/couverture-emma\/#respond"]}]},{"@type":"WebPage","@id":"https:\/\/lesptitescroixdemagalie.fr\/index.php\/2022\/03\/27\/couverture-emma\/","url":"https:\/\/lesptitescroixdemagalie.fr\/index.php\/2022\/03\/27\/couverture-emma\/","name":"Couverture Emma - Les p\u2018tites croix de Magalie par Magalie Vincendon","isPartOf":{"@id":"https:\/\/lesptitescroixdemagalie.fr\/#website"},"primaryImageOfPage":{"@id":"https:\/\/lesptitescroixdemagalie.fr\/index.php\/2022\/03\/27\/couverture-emma\/#primaryimage"},"image":{"@id":"https:\/\/lesptitescroixdemagalie.fr\/index.php\/2022\/03\/27\/couverture-emma\/#primaryimage"},"thumbnailUrl":"https:\/\/lesptitescroixdemagalie.fr\/wp-content\/uploads\/2020\/07\/img20200705_10471496_page-0001-01.jpeg","datePublished":"2022-03-27T08:16:55+00:00","dateModified":"2022-03-27T08:16:56+00:00","description":"Superbe ouvrage cette deuxi\u00e8me couverture\u00a0! En la revoyant, je n\u2019en reviens toujours pas, c\u2019est moi qui l\u2019ai faite\u00a0! C\u2019\u00e9tait un cadeau de naissance pour une petite-cousine, ma premi\u00e8re ... Venez d\u00e9couvrir la suite de l'histoire de la couverture Emma au point de croix sur le blog \" Les p'tites croix de Magalie \" sur l'apprentissage et le partage de la broderie au point de croix. @ tr\u00e8s vite !","breadcrumb":{"@id":"https:\/\/lesptitescroixdemagalie.fr\/index.php\/2022\/03\/27\/couverture-emma\/#breadcrumb"},"inLanguage":"fr-FR","potentialAction":[{"@type":"ReadAction","target":["https:\/\/lesptitescroixdemagalie.fr\/index.php\/2022\/03\/27\/couverture-emma\/"]}]},{"@type":"ImageObject","inLanguage":"fr-FR","@id":"https:\/\/lesptitescroixdemagalie.fr\/index.php\/2022\/03\/27\/couverture-emma\/#primaryimage","url":"https:\/\/lesptitescroixdemagalie.fr\/wp-content\/uploads\/2020\/07\/img20200705_10471496_page-0001-01.jpeg","contentUrl":"https:\/\/lesptitescroixdemagalie.fr\/wp-content\/uploads\/2020\/07\/img20200705_10471496_page-0001-01.jpeg","width":511,"height":633,"caption":"Couverture Emma"},{"@type":"BreadcrumbList","@id":"https:\/\/lesptitescroixdemagalie.fr\/index.php\/2022\/03\/27\/couverture-emma\/#breadcrumb","itemListElement":[{"@type":"ListItem","position":1,"name":"Accueil","item":"https:\/\/lesptitescroixdemagalie.fr\/"},{"@type":"ListItem","position":2,"name":"Couverture Emma"}]},{"@type":"WebSite","@id":"https:\/\/lesptitescroixdemagalie.fr\/#website","url":"https:\/\/lesptitescroixdemagalie.fr\/","name":"Les p\u2018tites croix de Magalie par Magalie Vincendon","description":"Point de croix, D\u00e9tente, Partage &amp; Bien-Etre","publisher":{"@id":"https:\/\/lesptitescroixdemagalie.fr\/#organization"},"potentialAction":[{"@type":"SearchAction","target":{"@type":"EntryPoint","urlTemplate":"https:\/\/lesptitescroixdemagalie.fr\/?s={search_term_string}"},"query-input":{"@type":"PropertyValueSpecification","valueRequired":true,"valueName":"search_term_string"}}],"inLanguage":"fr-FR"},{"@type":"Organization","@id":"https:\/\/lesptitescroixdemagalie.fr\/#organization","name":"Les p'tites croix de Magalie","url":"https:\/\/lesptitescroixdemagalie.fr\/","logo":{"@type":"ImageObject","inLanguage":"fr-FR","@id":"https:\/\/lesptitescroixdemagalie.fr\/#\/schema\/logo\/image\/","url":"https:\/\/lesptitescroixdemagalie.fr\/wp-content\/uploads\/2022\/07\/Logo-noir-fond-blanc.png","contentUrl":"https:\/\/lesptitescroixdemagalie.fr\/wp-content\/uploads\/2022\/07\/Logo-noir-fond-blanc.png","width":280,"height":350,"caption":"Les p'tites croix de Magalie"},"image":{"@id":"https:\/\/lesptitescroixdemagalie.fr\/#\/schema\/logo\/image\/"}},{"@type":"Person","@id":"https:\/\/lesptitescroixdemagalie.fr\/#\/schema\/person\/f139e87a4747b6f22763ca6a9e5f03d1","name":"Magalie","image":{"@type":"ImageObject","inLanguage":"fr-FR","@id":"https:\/\/secure.gravatar.com\/avatar\/2bdc3ffed3c31f28c412a7f0b0daa5cda38bcb7850b7166eaa9857f671d1d915?s=96&d=mm&r=g","url":"https:\/\/secure.gravatar.com\/avatar\/2bdc3ffed3c31f28c412a7f0b0daa5cda38bcb7850b7166eaa9857f671d1d915?s=96&d=mm&r=g","contentUrl":"https:\/\/secure.gravatar.com\/avatar\/2bdc3ffed3c31f28c412a7f0b0daa5cda38bcb7850b7166eaa9857f671d1d915?s=96&d=mm&r=g","caption":"Magalie"}}]}},"_links":{"self":[{"href":"https:\/\/lesptitescroixdemagalie.fr\/index.php\/wp-json\/wp\/v2\/posts\/3835","targetHints":{"allow":["GET"]}}],"collection":[{"href":"https:\/\/lesptitescroixdemagalie.fr\/index.php\/wp-json\/wp\/v2\/posts"}],"about":[{"href":"https:\/\/lesptitescroixdemagalie.fr\/index.php\/wp-json\/wp\/v2\/types\/post"}],"author":[{"embeddable":true,"href":"https:\/\/lesptitescroixdemagalie.fr\/index.php\/wp-json\/wp\/v2\/users\/1"}],"replies":[{"embeddable":true,"href":"https:\/\/lesptitescroixdemagalie.fr\/index.php\/wp-json\/wp\/v2\/comments?post=3835"}],"version-history":[{"count":2,"href":"https:\/\/lesptitescroixdemagalie.fr\/index.php\/wp-json\/wp\/v2\/posts\/3835\/revisions"}],"predecessor-version":[{"id":3874,"href":"https:\/\/lesptitescroixdemagalie.fr\/index.php\/wp-json\/wp\/v2\/posts\/3835\/revisions\/3874"}],"wp:featuredmedia":[{"embeddable":true,"href":"https:\/\/lesptitescroixdemagalie.fr\/index.php\/wp-json\/wp\/v2\/media\/2338"}],"wp:attachment":[{"href":"https:\/\/lesptitescroixdemagalie.fr\/index.php\/wp-json\/wp\/v2\/media?parent=3835"}],"wp:term":[{"taxonomy":"category","embeddable":true,"href":"https:\/\/lesptitescroixdemagalie.fr\/index.php\/wp-json\/wp\/v2\/categories?post=3835"},{"taxonomy":"post_tag","embeddable":true,"href":"https:\/\/lesptitescroixdemagalie.fr\/index.php\/wp-json\/wp\/v2\/tags?post=3835"}],"curies":[{"name":"wp","href":"https:\/\/api.w.org\/{rel}","templated":true}]}}