{"id":3817,"date":"2021-12-05T01:48:48","date_gmt":"2021-12-05T00:48:48","guid":{"rendered":"https:\/\/lesptitescroixdemagalie.fr\/?p=3817"},"modified":"2022-03-27T09:48:24","modified_gmt":"2022-03-27T07:48:24","slug":"camion-de-pompiers","status":"publish","type":"post","link":"https:\/\/lesptitescroixdemagalie.fr\/index.php\/2021\/12\/05\/camion-de-pompiers\/","title":{"rendered":"Camion de pompiers"},"content":{"rendered":"\n<div class=\"wp-block-image\"><figure class=\"aligncenter size-full is-resized\"><img fetchpriority=\"high\" decoding=\"async\" src=\"https:\/\/lesptitescroixdemagalie.fr\/wp-content\/uploads\/2020\/07\/img20200705_10424485_page-0001-01.jpeg\" alt=\"\" class=\"wp-image-2334\" width=\"529\" height=\"367\" srcset=\"https:\/\/lesptitescroixdemagalie.fr\/wp-content\/uploads\/2020\/07\/img20200705_10424485_page-0001-01.jpeg 705w, https:\/\/lesptitescroixdemagalie.fr\/wp-content\/uploads\/2020\/07\/img20200705_10424485_page-0001-01-600x416.jpeg 600w, https:\/\/lesptitescroixdemagalie.fr\/wp-content\/uploads\/2020\/07\/img20200705_10424485_page-0001-01-300x208.jpeg 300w, https:\/\/lesptitescroixdemagalie.fr\/wp-content\/uploads\/2020\/07\/img20200705_10424485_page-0001-01-585x406.jpeg 585w\" sizes=\"(max-width: 529px) 100vw, 529px\" \/><\/figure><\/div>\n\n\n\n<p><\/p>\n\n\n\n<p>Mon neveu, fan de pompier depuis petit, pompier volontaire d\u2019ailleurs et militaire aujourd\u2019hui&nbsp;! Il a toujours eu cette passion, c\u2019est fou&nbsp;! Il fallait que je lui fasse un camion de pompier, absolument. <br><br>Donc, lors d\u2019une journ\u00e9e \u00ab&nbsp;portes ouvertes&nbsp;\u00bb dans la caserne pr\u00e8s de chez nous, j\u2019ai pris des photos avec mon reflex num\u00e9rique (une autre passion qui se marie bien avec le point de croix), il en a m\u00eame profit\u00e9 pour les utiliser lors d\u2019un expos\u00e9. <br><br>Mon neveu a choisi sa prise de vue pr\u00e9f\u00e9r\u00e9e et\u2026 \u00ab&nbsp;Tiens, c\u2019est celui-l\u00e0 que je veux&nbsp;!&nbsp;\u00bb Ok, ok&nbsp;!<\/p>\n\n\n\n<p>Et voil\u00e0, la magie du point de croix a op\u00e9r\u00e9, j\u2019ai brod\u00e9 \u00e0 partir d\u2019une photo, une premi\u00e8re&nbsp;!<\/p>\n\n\n\n<p>C\u00f4t\u00e9 technique, alors, les photos c\u2019est top&nbsp;! Pour broder, entre autres m\u00e9thodes, pas besoin d\u2019aller piquer dans les images gratuites et libres de droits des autres&nbsp;!<\/p>\n\n\n\n<p>Mais, comme le dit l\u2019expression&nbsp;: \u00ab&nbsp;le diable se cache dabs les d\u00e9tails&nbsp;\u00bb. Heureusement pour moi, j\u2019avais d\u00e9j\u00e0 mon <em><a href=\"https:\/\/lesptitescroixdemagalie.fr\/index.php\/lexique\/\">logiciel <\/a><\/em>bien aim\u00e9, le seul \u00e0 ce jour d\u2019ailleurs, qui m\u2019a permis de faire quelques retouches mais tr\u00e8s peu (perfectionnisme, quand tu nous tiens), car il ne faut pas d\u00e9naturer le motif de base.<\/p>\n\n\n\n<p>Donc, les difficult\u00e9s ont \u00e9t\u00e9 de bien faire apparaitre les d\u00e9tails du camion&nbsp;: bandes, logos, poign\u00e9es, reflet sur le pare-brise\u2026, et de faire ressortir l\u2019arri\u00e8re-plan, le feuillage, m\u00eame s\u2019il est secondaire. Beaucoup de d\u00e9tails qui ont leur importance&nbsp;: un pare-brise tout blanc ou un fond tout noir n\u2019auraient pas rendu le m\u00eame effet, il y a quand m\u00eame d\u2019un bout du v\u00e9hicule d\u2019\u00e0 c\u00f4t\u00e9.<\/p>\n\n\n\n<div class=\"wp-block-image\"><figure class=\"aligncenter size-full is-resized\"><img decoding=\"async\" src=\"https:\/\/lesptitescroixdemagalie.fr\/wp-content\/uploads\/2020\/07\/img20200705_10424485_page-0001-02.jpeg\" alt=\"\" class=\"wp-image-2335\" width=\"220\" height=\"172\"\/><\/figure><\/div>\n\n\n\n<p>Pour le cadre, les moyens du bord&nbsp;!<\/p>\n\n\n\n<ul class=\"wp-block-list\"><li>Temps moyen de r\u00e9alisation&nbsp;: non estim\u00e9<\/li><li>Points utilis\u00e9s&nbsp;: point de croix, \u00bd point de croix<\/li><li>Dimensions&nbsp;: taille d\u2019une photographie<\/li><li>Nombre de couleurs&nbsp;: 35<\/li><li>Fournitures&nbsp;: toile A\u00efda 5,5 pt, aiguille, fil coton moulin\u00e9, cadre<\/li><li>Cadre&nbsp;: sans contour dont j\u2019ai gard\u00e9 le polystyr\u00e8ne<\/li><\/ul>\n\n\n\n<p><br><\/p>\n\n\n\n<p>Vous avez aim\u00e9\u2026 ou pas&nbsp;!<br>Laissez vos commentaires, vos impressions, un petit c\u0153ur, je vous r\u00e9pondrai avec plaisir&nbsp;!<\/p>\n\n\n\n<p>@ tr\u00e8s vite&nbsp;!<\/p>\n","protected":false},"excerpt":{"rendered":"<p>Mon neveu, fan de pompier depuis petit, pompier volontaire d\u2019ailleurs et militaire aujourd\u2019hui&nbsp;! Il a toujours&hellip;<\/p>\n","protected":false},"author":1,"featured_media":2334,"comment_status":"open","ping_status":"open","sticky":false,"template":"","format":"standard","meta":{"inline_featured_image":false,"_monsterinsights_skip_tracking":false,"_monsterinsights_sitenote_active":false,"_monsterinsights_sitenote_note":"","_monsterinsights_sitenote_category":0,"footnotes":""},"categories":[24,31,28],"tags":[35,36,39],"class_list":["post-3817","post","type-post","status-publish","format-standard","has-post-thumbnail","hentry","category-archives-du-blog","category-blog","category-galerie-du-blog","tag-article","tag-creation","tag-point-de-croix"],"yoast_head":"<!-- This site is optimized with the Yoast SEO plugin v27.5 - https:\/\/yoast.com\/product\/yoast-seo-wordpress\/ -->\n<title>Camion de pompiers - Les p\u2018tites croix de Magalie par Magalie Vincendon<\/title>\n<meta name=\"description\" content=\"Mon neveu, fan de pompier depuis petit, pompier volontaire d\u2019ailleurs et militaire aujourd\u2019hui\u00a0! Il a toujours eu cette passion, c\u2019est fou\u00a0! Il fallait que je lui fasse un camion de pompier, absolument... Venez d\u00e9couvrir l&#039;histoire et la technique de cette r\u00e9alisation de broderie au point de croix sur jean sur le blog Les p&#039;tites croix de Magalie, blog sur la broderie au point de croix. @ tr\u00e8s vite !\" \/>\n<meta name=\"robots\" content=\"index, follow, max-snippet:-1, max-image-preview:large, max-video-preview:-1\" \/>\n<link rel=\"canonical\" href=\"https:\/\/lesptitescroixdemagalie.fr\/index.php\/2021\/12\/05\/camion-de-pompiers\/\" \/>\n<meta property=\"og:locale\" content=\"fr_FR\" \/>\n<meta property=\"og:type\" content=\"article\" \/>\n<meta property=\"og:title\" content=\"Camion de pompiers - Les p\u2018tites croix de Magalie par Magalie Vincendon\" \/>\n<meta property=\"og:description\" content=\"Mon neveu, fan de pompier depuis petit, pompier volontaire d\u2019ailleurs et militaire aujourd\u2019hui\u00a0! Il a toujours eu cette passion, c\u2019est fou\u00a0! Il fallait que je lui fasse un camion de pompier, absolument... Venez d\u00e9couvrir l&#039;histoire et la technique de cette r\u00e9alisation de broderie au point de croix sur jean sur le blog Les p&#039;tites croix de Magalie, blog sur la broderie au point de croix. @ tr\u00e8s vite !\" \/>\n<meta property=\"og:url\" content=\"https:\/\/lesptitescroixdemagalie.fr\/index.php\/2021\/12\/05\/camion-de-pompiers\/\" \/>\n<meta property=\"og:site_name\" content=\"Les p\u2018tites croix de Magalie par Magalie Vincendon\" \/>\n<meta property=\"article:published_time\" content=\"2021-12-05T00:48:48+00:00\" \/>\n<meta property=\"article:modified_time\" content=\"2022-03-27T07:48:24+00:00\" \/>\n<meta property=\"og:image\" content=\"https:\/\/lesptitescroixdemagalie.fr\/wp-content\/uploads\/2020\/07\/img20200705_10424485_page-0001-01.jpeg\" \/>\n\t<meta property=\"og:image:width\" content=\"705\" \/>\n\t<meta property=\"og:image:height\" content=\"489\" \/>\n\t<meta property=\"og:image:type\" content=\"image\/jpeg\" \/>\n<meta name=\"author\" content=\"Magalie\" \/>\n<meta name=\"twitter:card\" content=\"summary_large_image\" \/>\n<meta name=\"twitter:label1\" content=\"\u00c9crit par\" \/>\n\t<meta name=\"twitter:data1\" content=\"Magalie\" \/>\n\t<meta name=\"twitter:label2\" content=\"Dur\u00e9e de lecture estim\u00e9e\" \/>\n\t<meta name=\"twitter:data2\" content=\"3 minutes\" \/>\n<script type=\"application\/ld+json\" class=\"yoast-schema-graph\">{\"@context\":\"https:\\\/\\\/schema.org\",\"@graph\":[{\"@type\":\"Article\",\"@id\":\"https:\\\/\\\/lesptitescroixdemagalie.fr\\\/index.php\\\/2021\\\/12\\\/05\\\/camion-de-pompiers\\\/#article\",\"isPartOf\":{\"@id\":\"https:\\\/\\\/lesptitescroixdemagalie.fr\\\/index.php\\\/2021\\\/12\\\/05\\\/camion-de-pompiers\\\/\"},\"author\":{\"name\":\"Magalie\",\"@id\":\"https:\\\/\\\/lesptitescroixdemagalie.fr\\\/#\\\/schema\\\/person\\\/f139e87a4747b6f22763ca6a9e5f03d1\"},\"headline\":\"Camion de pompiers\",\"datePublished\":\"2021-12-05T00:48:48+00:00\",\"dateModified\":\"2022-03-27T07:48:24+00:00\",\"mainEntityOfPage\":{\"@id\":\"https:\\\/\\\/lesptitescroixdemagalie.fr\\\/index.php\\\/2021\\\/12\\\/05\\\/camion-de-pompiers\\\/\"},\"wordCount\":399,\"commentCount\":0,\"publisher\":{\"@id\":\"https:\\\/\\\/lesptitescroixdemagalie.fr\\\/#organization\"},\"image\":{\"@id\":\"https:\\\/\\\/lesptitescroixdemagalie.fr\\\/index.php\\\/2021\\\/12\\\/05\\\/camion-de-pompiers\\\/#primaryimage\"},\"thumbnailUrl\":\"https:\\\/\\\/lesptitescroixdemagalie.fr\\\/wp-content\\\/uploads\\\/2020\\\/07\\\/img20200705_10424485_page-0001-01.jpeg\",\"keywords\":[\"article\",\"cr\u00e9ation\",\"point de croix\"],\"articleSection\":[\"Archives du blog\",\"Blog\",\"Galerie du blog\"],\"inLanguage\":\"fr-FR\",\"potentialAction\":[{\"@type\":\"CommentAction\",\"name\":\"Comment\",\"target\":[\"https:\\\/\\\/lesptitescroixdemagalie.fr\\\/index.php\\\/2021\\\/12\\\/05\\\/camion-de-pompiers\\\/#respond\"]}]},{\"@type\":\"WebPage\",\"@id\":\"https:\\\/\\\/lesptitescroixdemagalie.fr\\\/index.php\\\/2021\\\/12\\\/05\\\/camion-de-pompiers\\\/\",\"url\":\"https:\\\/\\\/lesptitescroixdemagalie.fr\\\/index.php\\\/2021\\\/12\\\/05\\\/camion-de-pompiers\\\/\",\"name\":\"Camion de pompiers - Les p\u2018tites croix de Magalie par Magalie Vincendon\",\"isPartOf\":{\"@id\":\"https:\\\/\\\/lesptitescroixdemagalie.fr\\\/#website\"},\"primaryImageOfPage\":{\"@id\":\"https:\\\/\\\/lesptitescroixdemagalie.fr\\\/index.php\\\/2021\\\/12\\\/05\\\/camion-de-pompiers\\\/#primaryimage\"},\"image\":{\"@id\":\"https:\\\/\\\/lesptitescroixdemagalie.fr\\\/index.php\\\/2021\\\/12\\\/05\\\/camion-de-pompiers\\\/#primaryimage\"},\"thumbnailUrl\":\"https:\\\/\\\/lesptitescroixdemagalie.fr\\\/wp-content\\\/uploads\\\/2020\\\/07\\\/img20200705_10424485_page-0001-01.jpeg\",\"datePublished\":\"2021-12-05T00:48:48+00:00\",\"dateModified\":\"2022-03-27T07:48:24+00:00\",\"description\":\"Mon neveu, fan de pompier depuis petit, pompier volontaire d\u2019ailleurs et militaire aujourd\u2019hui\u00a0! Il a toujours eu cette passion, c\u2019est fou\u00a0! Il fallait que je lui fasse un camion de pompier, absolument... Venez d\u00e9couvrir l'histoire et la technique de cette r\u00e9alisation de broderie au point de croix sur jean sur le blog Les p'tites croix de Magalie, blog sur la broderie au point de croix. @ tr\u00e8s vite !\",\"breadcrumb\":{\"@id\":\"https:\\\/\\\/lesptitescroixdemagalie.fr\\\/index.php\\\/2021\\\/12\\\/05\\\/camion-de-pompiers\\\/#breadcrumb\"},\"inLanguage\":\"fr-FR\",\"potentialAction\":[{\"@type\":\"ReadAction\",\"target\":[\"https:\\\/\\\/lesptitescroixdemagalie.fr\\\/index.php\\\/2021\\\/12\\\/05\\\/camion-de-pompiers\\\/\"]}]},{\"@type\":\"ImageObject\",\"inLanguage\":\"fr-FR\",\"@id\":\"https:\\\/\\\/lesptitescroixdemagalie.fr\\\/index.php\\\/2021\\\/12\\\/05\\\/camion-de-pompiers\\\/#primaryimage\",\"url\":\"https:\\\/\\\/lesptitescroixdemagalie.fr\\\/wp-content\\\/uploads\\\/2020\\\/07\\\/img20200705_10424485_page-0001-01.jpeg\",\"contentUrl\":\"https:\\\/\\\/lesptitescroixdemagalie.fr\\\/wp-content\\\/uploads\\\/2020\\\/07\\\/img20200705_10424485_page-0001-01.jpeg\",\"width\":705,\"height\":489},{\"@type\":\"BreadcrumbList\",\"@id\":\"https:\\\/\\\/lesptitescroixdemagalie.fr\\\/index.php\\\/2021\\\/12\\\/05\\\/camion-de-pompiers\\\/#breadcrumb\",\"itemListElement\":[{\"@type\":\"ListItem\",\"position\":1,\"name\":\"Accueil\",\"item\":\"https:\\\/\\\/lesptitescroixdemagalie.fr\\\/\"},{\"@type\":\"ListItem\",\"position\":2,\"name\":\"Camion de pompiers\"}]},{\"@type\":\"WebSite\",\"@id\":\"https:\\\/\\\/lesptitescroixdemagalie.fr\\\/#website\",\"url\":\"https:\\\/\\\/lesptitescroixdemagalie.fr\\\/\",\"name\":\"Les p\u2018tites croix de Magalie par Magalie Vincendon\",\"description\":\"Point de croix, D\u00e9tente, Partage &amp; Bien-Etre\",\"publisher\":{\"@id\":\"https:\\\/\\\/lesptitescroixdemagalie.fr\\\/#organization\"},\"potentialAction\":[{\"@type\":\"SearchAction\",\"target\":{\"@type\":\"EntryPoint\",\"urlTemplate\":\"https:\\\/\\\/lesptitescroixdemagalie.fr\\\/?s={search_term_string}\"},\"query-input\":{\"@type\":\"PropertyValueSpecification\",\"valueRequired\":true,\"valueName\":\"search_term_string\"}}],\"inLanguage\":\"fr-FR\"},{\"@type\":\"Organization\",\"@id\":\"https:\\\/\\\/lesptitescroixdemagalie.fr\\\/#organization\",\"name\":\"Les p'tites croix de Magalie\",\"url\":\"https:\\\/\\\/lesptitescroixdemagalie.fr\\\/\",\"logo\":{\"@type\":\"ImageObject\",\"inLanguage\":\"fr-FR\",\"@id\":\"https:\\\/\\\/lesptitescroixdemagalie.fr\\\/#\\\/schema\\\/logo\\\/image\\\/\",\"url\":\"https:\\\/\\\/lesptitescroixdemagalie.fr\\\/wp-content\\\/uploads\\\/2022\\\/07\\\/Logo-noir-fond-blanc.png\",\"contentUrl\":\"https:\\\/\\\/lesptitescroixdemagalie.fr\\\/wp-content\\\/uploads\\\/2022\\\/07\\\/Logo-noir-fond-blanc.png\",\"width\":280,\"height\":350,\"caption\":\"Les p'tites croix de Magalie\"},\"image\":{\"@id\":\"https:\\\/\\\/lesptitescroixdemagalie.fr\\\/#\\\/schema\\\/logo\\\/image\\\/\"}},{\"@type\":\"Person\",\"@id\":\"https:\\\/\\\/lesptitescroixdemagalie.fr\\\/#\\\/schema\\\/person\\\/f139e87a4747b6f22763ca6a9e5f03d1\",\"name\":\"Magalie\",\"image\":{\"@type\":\"ImageObject\",\"inLanguage\":\"fr-FR\",\"@id\":\"https:\\\/\\\/secure.gravatar.com\\\/avatar\\\/2bdc3ffed3c31f28c412a7f0b0daa5cda38bcb7850b7166eaa9857f671d1d915?s=96&d=mm&r=g\",\"url\":\"https:\\\/\\\/secure.gravatar.com\\\/avatar\\\/2bdc3ffed3c31f28c412a7f0b0daa5cda38bcb7850b7166eaa9857f671d1d915?s=96&d=mm&r=g\",\"contentUrl\":\"https:\\\/\\\/secure.gravatar.com\\\/avatar\\\/2bdc3ffed3c31f28c412a7f0b0daa5cda38bcb7850b7166eaa9857f671d1d915?s=96&d=mm&r=g\",\"caption\":\"Magalie\"}}]}<\/script>\n<!-- \/ Yoast SEO plugin. -->","yoast_head_json":{"title":"Camion de pompiers - Les p\u2018tites croix de Magalie par Magalie Vincendon","description":"Mon neveu, fan de pompier depuis petit, pompier volontaire d\u2019ailleurs et militaire aujourd\u2019hui\u00a0! Il a toujours eu cette passion, c\u2019est fou\u00a0! Il fallait que je lui fasse un camion de pompier, absolument... Venez d\u00e9couvrir l'histoire et la technique de cette r\u00e9alisation de broderie au point de croix sur jean sur le blog Les p'tites croix de Magalie, blog sur la broderie au point de croix. @ tr\u00e8s vite !","robots":{"index":"index","follow":"follow","max-snippet":"max-snippet:-1","max-image-preview":"max-image-preview:large","max-video-preview":"max-video-preview:-1"},"canonical":"https:\/\/lesptitescroixdemagalie.fr\/index.php\/2021\/12\/05\/camion-de-pompiers\/","og_locale":"fr_FR","og_type":"article","og_title":"Camion de pompiers - Les p\u2018tites croix de Magalie par Magalie Vincendon","og_description":"Mon neveu, fan de pompier depuis petit, pompier volontaire d\u2019ailleurs et militaire aujourd\u2019hui\u00a0! Il a toujours eu cette passion, c\u2019est fou\u00a0! Il fallait que je lui fasse un camion de pompier, absolument... Venez d\u00e9couvrir l'histoire et la technique de cette r\u00e9alisation de broderie au point de croix sur jean sur le blog Les p'tites croix de Magalie, blog sur la broderie au point de croix. @ tr\u00e8s vite !","og_url":"https:\/\/lesptitescroixdemagalie.fr\/index.php\/2021\/12\/05\/camion-de-pompiers\/","og_site_name":"Les p\u2018tites croix de Magalie par Magalie Vincendon","article_published_time":"2021-12-05T00:48:48+00:00","article_modified_time":"2022-03-27T07:48:24+00:00","og_image":[{"width":705,"height":489,"url":"https:\/\/lesptitescroixdemagalie.fr\/wp-content\/uploads\/2020\/07\/img20200705_10424485_page-0001-01.jpeg","type":"image\/jpeg"}],"author":"Magalie","twitter_card":"summary_large_image","twitter_misc":{"\u00c9crit par":"Magalie","Dur\u00e9e de lecture estim\u00e9e":"3 minutes"},"schema":{"@context":"https:\/\/schema.org","@graph":[{"@type":"Article","@id":"https:\/\/lesptitescroixdemagalie.fr\/index.php\/2021\/12\/05\/camion-de-pompiers\/#article","isPartOf":{"@id":"https:\/\/lesptitescroixdemagalie.fr\/index.php\/2021\/12\/05\/camion-de-pompiers\/"},"author":{"name":"Magalie","@id":"https:\/\/lesptitescroixdemagalie.fr\/#\/schema\/person\/f139e87a4747b6f22763ca6a9e5f03d1"},"headline":"Camion de pompiers","datePublished":"2021-12-05T00:48:48+00:00","dateModified":"2022-03-27T07:48:24+00:00","mainEntityOfPage":{"@id":"https:\/\/lesptitescroixdemagalie.fr\/index.php\/2021\/12\/05\/camion-de-pompiers\/"},"wordCount":399,"commentCount":0,"publisher":{"@id":"https:\/\/lesptitescroixdemagalie.fr\/#organization"},"image":{"@id":"https:\/\/lesptitescroixdemagalie.fr\/index.php\/2021\/12\/05\/camion-de-pompiers\/#primaryimage"},"thumbnailUrl":"https:\/\/lesptitescroixdemagalie.fr\/wp-content\/uploads\/2020\/07\/img20200705_10424485_page-0001-01.jpeg","keywords":["article","cr\u00e9ation","point de croix"],"articleSection":["Archives du blog","Blog","Galerie du blog"],"inLanguage":"fr-FR","potentialAction":[{"@type":"CommentAction","name":"Comment","target":["https:\/\/lesptitescroixdemagalie.fr\/index.php\/2021\/12\/05\/camion-de-pompiers\/#respond"]}]},{"@type":"WebPage","@id":"https:\/\/lesptitescroixdemagalie.fr\/index.php\/2021\/12\/05\/camion-de-pompiers\/","url":"https:\/\/lesptitescroixdemagalie.fr\/index.php\/2021\/12\/05\/camion-de-pompiers\/","name":"Camion de pompiers - Les p\u2018tites croix de Magalie par Magalie Vincendon","isPartOf":{"@id":"https:\/\/lesptitescroixdemagalie.fr\/#website"},"primaryImageOfPage":{"@id":"https:\/\/lesptitescroixdemagalie.fr\/index.php\/2021\/12\/05\/camion-de-pompiers\/#primaryimage"},"image":{"@id":"https:\/\/lesptitescroixdemagalie.fr\/index.php\/2021\/12\/05\/camion-de-pompiers\/#primaryimage"},"thumbnailUrl":"https:\/\/lesptitescroixdemagalie.fr\/wp-content\/uploads\/2020\/07\/img20200705_10424485_page-0001-01.jpeg","datePublished":"2021-12-05T00:48:48+00:00","dateModified":"2022-03-27T07:48:24+00:00","description":"Mon neveu, fan de pompier depuis petit, pompier volontaire d\u2019ailleurs et militaire aujourd\u2019hui\u00a0! Il a toujours eu cette passion, c\u2019est fou\u00a0! Il fallait que je lui fasse un camion de pompier, absolument... Venez d\u00e9couvrir l'histoire et la technique de cette r\u00e9alisation de broderie au point de croix sur jean sur le blog Les p'tites croix de Magalie, blog sur la broderie au point de croix. @ tr\u00e8s vite !","breadcrumb":{"@id":"https:\/\/lesptitescroixdemagalie.fr\/index.php\/2021\/12\/05\/camion-de-pompiers\/#breadcrumb"},"inLanguage":"fr-FR","potentialAction":[{"@type":"ReadAction","target":["https:\/\/lesptitescroixdemagalie.fr\/index.php\/2021\/12\/05\/camion-de-pompiers\/"]}]},{"@type":"ImageObject","inLanguage":"fr-FR","@id":"https:\/\/lesptitescroixdemagalie.fr\/index.php\/2021\/12\/05\/camion-de-pompiers\/#primaryimage","url":"https:\/\/lesptitescroixdemagalie.fr\/wp-content\/uploads\/2020\/07\/img20200705_10424485_page-0001-01.jpeg","contentUrl":"https:\/\/lesptitescroixdemagalie.fr\/wp-content\/uploads\/2020\/07\/img20200705_10424485_page-0001-01.jpeg","width":705,"height":489},{"@type":"BreadcrumbList","@id":"https:\/\/lesptitescroixdemagalie.fr\/index.php\/2021\/12\/05\/camion-de-pompiers\/#breadcrumb","itemListElement":[{"@type":"ListItem","position":1,"name":"Accueil","item":"https:\/\/lesptitescroixdemagalie.fr\/"},{"@type":"ListItem","position":2,"name":"Camion de pompiers"}]},{"@type":"WebSite","@id":"https:\/\/lesptitescroixdemagalie.fr\/#website","url":"https:\/\/lesptitescroixdemagalie.fr\/","name":"Les p\u2018tites croix de Magalie par Magalie Vincendon","description":"Point de croix, D\u00e9tente, Partage &amp; Bien-Etre","publisher":{"@id":"https:\/\/lesptitescroixdemagalie.fr\/#organization"},"potentialAction":[{"@type":"SearchAction","target":{"@type":"EntryPoint","urlTemplate":"https:\/\/lesptitescroixdemagalie.fr\/?s={search_term_string}"},"query-input":{"@type":"PropertyValueSpecification","valueRequired":true,"valueName":"search_term_string"}}],"inLanguage":"fr-FR"},{"@type":"Organization","@id":"https:\/\/lesptitescroixdemagalie.fr\/#organization","name":"Les p'tites croix de Magalie","url":"https:\/\/lesptitescroixdemagalie.fr\/","logo":{"@type":"ImageObject","inLanguage":"fr-FR","@id":"https:\/\/lesptitescroixdemagalie.fr\/#\/schema\/logo\/image\/","url":"https:\/\/lesptitescroixdemagalie.fr\/wp-content\/uploads\/2022\/07\/Logo-noir-fond-blanc.png","contentUrl":"https:\/\/lesptitescroixdemagalie.fr\/wp-content\/uploads\/2022\/07\/Logo-noir-fond-blanc.png","width":280,"height":350,"caption":"Les p'tites croix de Magalie"},"image":{"@id":"https:\/\/lesptitescroixdemagalie.fr\/#\/schema\/logo\/image\/"}},{"@type":"Person","@id":"https:\/\/lesptitescroixdemagalie.fr\/#\/schema\/person\/f139e87a4747b6f22763ca6a9e5f03d1","name":"Magalie","image":{"@type":"ImageObject","inLanguage":"fr-FR","@id":"https:\/\/secure.gravatar.com\/avatar\/2bdc3ffed3c31f28c412a7f0b0daa5cda38bcb7850b7166eaa9857f671d1d915?s=96&d=mm&r=g","url":"https:\/\/secure.gravatar.com\/avatar\/2bdc3ffed3c31f28c412a7f0b0daa5cda38bcb7850b7166eaa9857f671d1d915?s=96&d=mm&r=g","contentUrl":"https:\/\/secure.gravatar.com\/avatar\/2bdc3ffed3c31f28c412a7f0b0daa5cda38bcb7850b7166eaa9857f671d1d915?s=96&d=mm&r=g","caption":"Magalie"}}]}},"_links":{"self":[{"href":"https:\/\/lesptitescroixdemagalie.fr\/index.php\/wp-json\/wp\/v2\/posts\/3817","targetHints":{"allow":["GET"]}}],"collection":[{"href":"https:\/\/lesptitescroixdemagalie.fr\/index.php\/wp-json\/wp\/v2\/posts"}],"about":[{"href":"https:\/\/lesptitescroixdemagalie.fr\/index.php\/wp-json\/wp\/v2\/types\/post"}],"author":[{"embeddable":true,"href":"https:\/\/lesptitescroixdemagalie.fr\/index.php\/wp-json\/wp\/v2\/users\/1"}],"replies":[{"embeddable":true,"href":"https:\/\/lesptitescroixdemagalie.fr\/index.php\/wp-json\/wp\/v2\/comments?post=3817"}],"version-history":[{"count":3,"href":"https:\/\/lesptitescroixdemagalie.fr\/index.php\/wp-json\/wp\/v2\/posts\/3817\/revisions"}],"predecessor-version":[{"id":3870,"href":"https:\/\/lesptitescroixdemagalie.fr\/index.php\/wp-json\/wp\/v2\/posts\/3817\/revisions\/3870"}],"wp:featuredmedia":[{"embeddable":true,"href":"https:\/\/lesptitescroixdemagalie.fr\/index.php\/wp-json\/wp\/v2\/media\/2334"}],"wp:attachment":[{"href":"https:\/\/lesptitescroixdemagalie.fr\/index.php\/wp-json\/wp\/v2\/media?parent=3817"}],"wp:term":[{"taxonomy":"category","embeddable":true,"href":"https:\/\/lesptitescroixdemagalie.fr\/index.php\/wp-json\/wp\/v2\/categories?post=3817"},{"taxonomy":"post_tag","embeddable":true,"href":"https:\/\/lesptitescroixdemagalie.fr\/index.php\/wp-json\/wp\/v2\/tags?post=3817"}],"curies":[{"name":"wp","href":"https:\/\/api.w.org\/{rel}","templated":true}]}}