{"id":3760,"date":"2021-11-07T11:28:59","date_gmt":"2021-11-07T10:28:59","guid":{"rendered":"https:\/\/lesptitescroixdemagalie.fr\/?p=3760"},"modified":"2021-12-05T00:51:16","modified_gmt":"2021-12-04T23:51:16","slug":"rock-sur-jean","status":"publish","type":"post","link":"https:\/\/lesptitescroixdemagalie.fr\/index.php\/2021\/11\/07\/rock-sur-jean\/","title":{"rendered":"\u00ab\u00a0Rock\u00a0\u00bb sur jean"},"content":{"rendered":"\n<div class=\"wp-block-image\"><figure class=\"aligncenter size-full is-resized\"><img fetchpriority=\"high\" decoding=\"async\" src=\"https:\/\/lesptitescroixdemagalie.fr\/wp-content\/uploads\/2020\/07\/img20200705_10410573_page-0001-01.jpeg\" alt=\"Rock sur jean\" class=\"wp-image-2333\" width=\"425\" height=\"295\" srcset=\"https:\/\/lesptitescroixdemagalie.fr\/wp-content\/uploads\/2020\/07\/img20200705_10410573_page-0001-01.jpeg 850w, https:\/\/lesptitescroixdemagalie.fr\/wp-content\/uploads\/2020\/07\/img20200705_10410573_page-0001-01-600x416.jpeg 600w, https:\/\/lesptitescroixdemagalie.fr\/wp-content\/uploads\/2020\/07\/img20200705_10410573_page-0001-01-300x208.jpeg 300w, https:\/\/lesptitescroixdemagalie.fr\/wp-content\/uploads\/2020\/07\/img20200705_10410573_page-0001-01-768x532.jpeg 768w, https:\/\/lesptitescroixdemagalie.fr\/wp-content\/uploads\/2020\/07\/img20200705_10410573_page-0001-01-585x405.jpeg 585w\" sizes=\"(max-width: 425px) 100vw, 425px\" \/><\/figure><\/div>\n\n\n\n<p class=\"has-normal-font-size\"><br><br>Ah, ce jean\u00a0! Un tr\u00e8s gros souvenir, un beau cadeau de c\u0153ur pour mon petit-cousin (nous sommes une grande famille). Je voulais absolument qu\u2019il parte aux Antilles avec un souvenir, c\u2019\u00e9tait un d\u00e9part d\u00e9finitif en famille.<br><br>C\u2019est un \u00eatre tr\u00e8s fort et courageux mais \u00e0 ce moment -l\u00e0, il n\u2019en avait pas compl\u00e8tement conscience. Je voulais qu\u2019il parte avec un peu de ma confiance en lui (hum\u00a0!). Je sais, c\u2019est un peu bizarre mais je suis comme \u00e7a\u00a0!<br><br>Du point de croix sur un jean, ok\u00a0! Mais pourquoi, pourquoi sur la poche arri\u00e8re, bon sang\u00a0!!<br><br>Un peu de s\u00e9rieux, les limites n\u2019existent que dans nos t\u00eates. Le point de croix n\u2019a pas de limite sauf celles qu\u2019on lui impose. Un peu comme nous\u2026 Mais, je m\u2019\u00e9gare\u00a0!<br><br>Il \u00e9tait super fier de ce cadeau dont il avait choisi le motif.<br><br>C\u00f4t\u00e9 technique, ce fut un travail tr\u00e8s difficile, le plus compliqu\u00e9 pour moi \u00e0 ce jour de mes r\u00e9alisations. Pourquoi\u00a0? La poche arri\u00e8re d\u2019un jean, quoi\u00a0! Aucune flexibilit\u00e9, aucun espace d\u2019appui ou de maintien, horrible\u00a0!<br><br>De plus, mon premier essai \u00e0 la <em><a href=\"https:\/\/lesptitescroixdemagalie.fr\/index.php\/lexique\/\">toile tire-fil<\/a><\/em> (superbe outil !). Mince\u00a0! Comment enlever le fil de la partie centrale sans tout d\u00e9former\u00a0? Rah\u00a0! Bon, je me calme.<br><br>Trois choses importantes que j\u2019ai apprises \u00e0 ce moment-l\u00e0\u00a0:<\/p>\n\n\n\n<ol class=\"has-normal-font-size wp-block-list\"><li>Quand vous utilisez de la toile tire-fil, faites-le sur des mod\u00e8les\/motifs petits en surface ou tr\u00e8s ajour\u00e9s afin d\u2019enlever le fil plus facilement, sinon, utiliser de la <a href=\"https:\/\/lesptitescroixdemagalie.fr\/index.php\/lexique\/\"><em>toile soluble<\/em><\/a>,<\/li><li>Quand vous brodez sur un support autre que de la toile libre, assurez-vous d\u2019avoir assez d\u2019espace pour tenir, tourner et broder votre ouvrage,<\/li><li>Enfin et surtout, assurez-vous que votre motif soit bien droit et centr\u00e9, utilisez un <em><a href=\"https:\/\/lesptitescroixdemagalie.fr\/index.php\/lexique\/\">tambour <\/a><\/em>si possible.<\/li><\/ol>\n\n\n\n<p>Gr\u00e2ce \u00e0 ce cadeau, j\u2019ai appris beaucoup du point de vue technique, merci \u00e0 mo petit-cousin&nbsp;!<\/p>\n\n\n\n<ul class=\"has-normal-font-size wp-block-list\"><li>Temps de r\u00e9alisation\u00a0: 15h<\/li><li>Points utilis\u00e9s\u00a0: point de croix<\/li><li>Dimensions\u00a0: 4,9 cm x 5,5 cm<\/li><li>Nombre de couleurs\u00a0: 2<\/li><li>Fournitures\u00a0: Jean, toile tire-fil 5,5pts, fils coton moulin\u00e9, aiguille <\/li><\/ul>\n\n\n\n<p><br><\/p>\n\n\n\n<p>Vous avez aim\u00e9\u2026 ou pas\u00a0!<br>Laissez vos commentaires, vos impressions, un petit c\u0153ur, je vous r\u00e9pondrai avec plaisir\u00a0!<br><br>@ tr\u00e8s vite\u00a0!<\/p>\n","protected":false},"excerpt":{"rendered":"<p>Ah, ce jean\u00a0! Un tr\u00e8s gros souvenir, un beau cadeau de c\u0153ur pour mon petit-cousin (nous&hellip;<\/p>\n","protected":false},"author":1,"featured_media":2333,"comment_status":"open","ping_status":"open","sticky":false,"template":"","format":"standard","meta":{"inline_featured_image":false,"_monsterinsights_skip_tracking":false,"_monsterinsights_sitenote_active":false,"_monsterinsights_sitenote_note":"","_monsterinsights_sitenote_category":0,"footnotes":""},"categories":[24,31,28],"tags":[35,36,39],"class_list":["post-3760","post","type-post","status-publish","format-standard","has-post-thumbnail","hentry","category-archives-du-blog","category-blog","category-galerie-du-blog","tag-article","tag-creation","tag-point-de-croix"],"yoast_head":"<!-- This site is optimized with the Yoast SEO plugin v27.5 - https:\/\/yoast.com\/product\/yoast-seo-wordpress\/ -->\n<title>&quot;Rock&quot; sur jean - Les p\u2018tites croix de Magalie par Magalie Vincendon<\/title>\n<meta name=\"description\" content=\"Ah, ce jean\u00a0! Un tr\u00e8s gros souvenir, un beau cadeau de c\u0153ur pour mon petit-cousin. Venez d\u00e9couvrir l&#039;histoire et la technique de cette r\u00e9alisation de broderie au point de croix sur jean sur le blog Les p&#039;tites croix de Magalie, blog sur la broderie au point de croix. @ tr\u00e8s vite !\" \/>\n<meta name=\"robots\" content=\"index, follow, max-snippet:-1, max-image-preview:large, max-video-preview:-1\" \/>\n<link rel=\"canonical\" href=\"https:\/\/lesptitescroixdemagalie.fr\/index.php\/2021\/11\/07\/rock-sur-jean\/\" \/>\n<meta property=\"og:locale\" content=\"fr_FR\" \/>\n<meta property=\"og:type\" content=\"article\" \/>\n<meta property=\"og:title\" content=\"&quot;Rock&quot; sur jean - Les p\u2018tites croix de Magalie par Magalie Vincendon\" \/>\n<meta property=\"og:description\" content=\"Ah, ce jean\u00a0! Un tr\u00e8s gros souvenir, un beau cadeau de c\u0153ur pour mon petit-cousin. Venez d\u00e9couvrir l&#039;histoire et la technique de cette r\u00e9alisation de broderie au point de croix sur jean sur le blog Les p&#039;tites croix de Magalie, blog sur la broderie au point de croix. @ tr\u00e8s vite !\" \/>\n<meta property=\"og:url\" content=\"https:\/\/lesptitescroixdemagalie.fr\/index.php\/2021\/11\/07\/rock-sur-jean\/\" \/>\n<meta property=\"og:site_name\" content=\"Les p\u2018tites croix de Magalie par Magalie Vincendon\" \/>\n<meta property=\"article:published_time\" content=\"2021-11-07T10:28:59+00:00\" \/>\n<meta property=\"article:modified_time\" content=\"2021-12-04T23:51:16+00:00\" \/>\n<meta property=\"og:image\" content=\"https:\/\/lesptitescroixdemagalie.fr\/wp-content\/uploads\/2020\/07\/img20200705_10410573_page-0001-01.jpeg\" \/>\n\t<meta property=\"og:image:width\" content=\"850\" \/>\n\t<meta property=\"og:image:height\" content=\"589\" \/>\n\t<meta property=\"og:image:type\" content=\"image\/jpeg\" \/>\n<meta name=\"author\" content=\"Magalie\" \/>\n<meta name=\"twitter:card\" content=\"summary_large_image\" \/>\n<meta name=\"twitter:label1\" content=\"\u00c9crit par\" \/>\n\t<meta name=\"twitter:data1\" content=\"Magalie\" \/>\n\t<meta name=\"twitter:label2\" content=\"Dur\u00e9e de lecture estim\u00e9e\" \/>\n\t<meta name=\"twitter:data2\" content=\"2 minutes\" \/>\n<script type=\"application\/ld+json\" class=\"yoast-schema-graph\">{\"@context\":\"https:\\\/\\\/schema.org\",\"@graph\":[{\"@type\":\"Article\",\"@id\":\"https:\\\/\\\/lesptitescroixdemagalie.fr\\\/index.php\\\/2021\\\/11\\\/07\\\/rock-sur-jean\\\/#article\",\"isPartOf\":{\"@id\":\"https:\\\/\\\/lesptitescroixdemagalie.fr\\\/index.php\\\/2021\\\/11\\\/07\\\/rock-sur-jean\\\/\"},\"author\":{\"name\":\"Magalie\",\"@id\":\"https:\\\/\\\/lesptitescroixdemagalie.fr\\\/#\\\/schema\\\/person\\\/f139e87a4747b6f22763ca6a9e5f03d1\"},\"headline\":\"\u00ab\u00a0Rock\u00a0\u00bb sur jean\",\"datePublished\":\"2021-11-07T10:28:59+00:00\",\"dateModified\":\"2021-12-04T23:51:16+00:00\",\"mainEntityOfPage\":{\"@id\":\"https:\\\/\\\/lesptitescroixdemagalie.fr\\\/index.php\\\/2021\\\/11\\\/07\\\/rock-sur-jean\\\/\"},\"wordCount\":380,\"commentCount\":2,\"publisher\":{\"@id\":\"https:\\\/\\\/lesptitescroixdemagalie.fr\\\/#organization\"},\"image\":{\"@id\":\"https:\\\/\\\/lesptitescroixdemagalie.fr\\\/index.php\\\/2021\\\/11\\\/07\\\/rock-sur-jean\\\/#primaryimage\"},\"thumbnailUrl\":\"https:\\\/\\\/lesptitescroixdemagalie.fr\\\/wp-content\\\/uploads\\\/2020\\\/07\\\/img20200705_10410573_page-0001-01.jpeg\",\"keywords\":[\"article\",\"cr\u00e9ation\",\"point de croix\"],\"articleSection\":[\"Archives du blog\",\"Blog\",\"Galerie du blog\"],\"inLanguage\":\"fr-FR\",\"potentialAction\":[{\"@type\":\"CommentAction\",\"name\":\"Comment\",\"target\":[\"https:\\\/\\\/lesptitescroixdemagalie.fr\\\/index.php\\\/2021\\\/11\\\/07\\\/rock-sur-jean\\\/#respond\"]}]},{\"@type\":\"WebPage\",\"@id\":\"https:\\\/\\\/lesptitescroixdemagalie.fr\\\/index.php\\\/2021\\\/11\\\/07\\\/rock-sur-jean\\\/\",\"url\":\"https:\\\/\\\/lesptitescroixdemagalie.fr\\\/index.php\\\/2021\\\/11\\\/07\\\/rock-sur-jean\\\/\",\"name\":\"\\\"Rock\\\" sur jean - Les p\u2018tites croix de Magalie par Magalie Vincendon\",\"isPartOf\":{\"@id\":\"https:\\\/\\\/lesptitescroixdemagalie.fr\\\/#website\"},\"primaryImageOfPage\":{\"@id\":\"https:\\\/\\\/lesptitescroixdemagalie.fr\\\/index.php\\\/2021\\\/11\\\/07\\\/rock-sur-jean\\\/#primaryimage\"},\"image\":{\"@id\":\"https:\\\/\\\/lesptitescroixdemagalie.fr\\\/index.php\\\/2021\\\/11\\\/07\\\/rock-sur-jean\\\/#primaryimage\"},\"thumbnailUrl\":\"https:\\\/\\\/lesptitescroixdemagalie.fr\\\/wp-content\\\/uploads\\\/2020\\\/07\\\/img20200705_10410573_page-0001-01.jpeg\",\"datePublished\":\"2021-11-07T10:28:59+00:00\",\"dateModified\":\"2021-12-04T23:51:16+00:00\",\"description\":\"Ah, ce jean\u00a0! Un tr\u00e8s gros souvenir, un beau cadeau de c\u0153ur pour mon petit-cousin. Venez d\u00e9couvrir l'histoire et la technique de cette r\u00e9alisation de broderie au point de croix sur jean sur le blog Les p'tites croix de Magalie, blog sur la broderie au point de croix. @ tr\u00e8s vite !\",\"breadcrumb\":{\"@id\":\"https:\\\/\\\/lesptitescroixdemagalie.fr\\\/index.php\\\/2021\\\/11\\\/07\\\/rock-sur-jean\\\/#breadcrumb\"},\"inLanguage\":\"fr-FR\",\"potentialAction\":[{\"@type\":\"ReadAction\",\"target\":[\"https:\\\/\\\/lesptitescroixdemagalie.fr\\\/index.php\\\/2021\\\/11\\\/07\\\/rock-sur-jean\\\/\"]}]},{\"@type\":\"ImageObject\",\"inLanguage\":\"fr-FR\",\"@id\":\"https:\\\/\\\/lesptitescroixdemagalie.fr\\\/index.php\\\/2021\\\/11\\\/07\\\/rock-sur-jean\\\/#primaryimage\",\"url\":\"https:\\\/\\\/lesptitescroixdemagalie.fr\\\/wp-content\\\/uploads\\\/2020\\\/07\\\/img20200705_10410573_page-0001-01.jpeg\",\"contentUrl\":\"https:\\\/\\\/lesptitescroixdemagalie.fr\\\/wp-content\\\/uploads\\\/2020\\\/07\\\/img20200705_10410573_page-0001-01.jpeg\",\"width\":850,\"height\":589,\"caption\":\"Rock sur jean\"},{\"@type\":\"BreadcrumbList\",\"@id\":\"https:\\\/\\\/lesptitescroixdemagalie.fr\\\/index.php\\\/2021\\\/11\\\/07\\\/rock-sur-jean\\\/#breadcrumb\",\"itemListElement\":[{\"@type\":\"ListItem\",\"position\":1,\"name\":\"Accueil\",\"item\":\"https:\\\/\\\/lesptitescroixdemagalie.fr\\\/\"},{\"@type\":\"ListItem\",\"position\":2,\"name\":\"\u00ab\u00a0Rock\u00a0\u00bb sur jean\"}]},{\"@type\":\"WebSite\",\"@id\":\"https:\\\/\\\/lesptitescroixdemagalie.fr\\\/#website\",\"url\":\"https:\\\/\\\/lesptitescroixdemagalie.fr\\\/\",\"name\":\"Les p\u2018tites croix de Magalie par Magalie Vincendon\",\"description\":\"Point de croix, D\u00e9tente, Partage &amp; Bien-Etre\",\"publisher\":{\"@id\":\"https:\\\/\\\/lesptitescroixdemagalie.fr\\\/#organization\"},\"potentialAction\":[{\"@type\":\"SearchAction\",\"target\":{\"@type\":\"EntryPoint\",\"urlTemplate\":\"https:\\\/\\\/lesptitescroixdemagalie.fr\\\/?s={search_term_string}\"},\"query-input\":{\"@type\":\"PropertyValueSpecification\",\"valueRequired\":true,\"valueName\":\"search_term_string\"}}],\"inLanguage\":\"fr-FR\"},{\"@type\":\"Organization\",\"@id\":\"https:\\\/\\\/lesptitescroixdemagalie.fr\\\/#organization\",\"name\":\"Les p'tites croix de Magalie\",\"url\":\"https:\\\/\\\/lesptitescroixdemagalie.fr\\\/\",\"logo\":{\"@type\":\"ImageObject\",\"inLanguage\":\"fr-FR\",\"@id\":\"https:\\\/\\\/lesptitescroixdemagalie.fr\\\/#\\\/schema\\\/logo\\\/image\\\/\",\"url\":\"https:\\\/\\\/lesptitescroixdemagalie.fr\\\/wp-content\\\/uploads\\\/2022\\\/07\\\/Logo-noir-fond-blanc.png\",\"contentUrl\":\"https:\\\/\\\/lesptitescroixdemagalie.fr\\\/wp-content\\\/uploads\\\/2022\\\/07\\\/Logo-noir-fond-blanc.png\",\"width\":280,\"height\":350,\"caption\":\"Les p'tites croix de Magalie\"},\"image\":{\"@id\":\"https:\\\/\\\/lesptitescroixdemagalie.fr\\\/#\\\/schema\\\/logo\\\/image\\\/\"}},{\"@type\":\"Person\",\"@id\":\"https:\\\/\\\/lesptitescroixdemagalie.fr\\\/#\\\/schema\\\/person\\\/f139e87a4747b6f22763ca6a9e5f03d1\",\"name\":\"Magalie\",\"image\":{\"@type\":\"ImageObject\",\"inLanguage\":\"fr-FR\",\"@id\":\"https:\\\/\\\/secure.gravatar.com\\\/avatar\\\/2bdc3ffed3c31f28c412a7f0b0daa5cda38bcb7850b7166eaa9857f671d1d915?s=96&d=mm&r=g\",\"url\":\"https:\\\/\\\/secure.gravatar.com\\\/avatar\\\/2bdc3ffed3c31f28c412a7f0b0daa5cda38bcb7850b7166eaa9857f671d1d915?s=96&d=mm&r=g\",\"contentUrl\":\"https:\\\/\\\/secure.gravatar.com\\\/avatar\\\/2bdc3ffed3c31f28c412a7f0b0daa5cda38bcb7850b7166eaa9857f671d1d915?s=96&d=mm&r=g\",\"caption\":\"Magalie\"}}]}<\/script>\n<!-- \/ Yoast SEO plugin. -->","yoast_head_json":{"title":"\"Rock\" sur jean - Les p\u2018tites croix de Magalie par Magalie Vincendon","description":"Ah, ce jean\u00a0! Un tr\u00e8s gros souvenir, un beau cadeau de c\u0153ur pour mon petit-cousin. Venez d\u00e9couvrir l'histoire et la technique de cette r\u00e9alisation de broderie au point de croix sur jean sur le blog Les p'tites croix de Magalie, blog sur la broderie au point de croix. @ tr\u00e8s vite !","robots":{"index":"index","follow":"follow","max-snippet":"max-snippet:-1","max-image-preview":"max-image-preview:large","max-video-preview":"max-video-preview:-1"},"canonical":"https:\/\/lesptitescroixdemagalie.fr\/index.php\/2021\/11\/07\/rock-sur-jean\/","og_locale":"fr_FR","og_type":"article","og_title":"\"Rock\" sur jean - Les p\u2018tites croix de Magalie par Magalie Vincendon","og_description":"Ah, ce jean\u00a0! Un tr\u00e8s gros souvenir, un beau cadeau de c\u0153ur pour mon petit-cousin. Venez d\u00e9couvrir l'histoire et la technique de cette r\u00e9alisation de broderie au point de croix sur jean sur le blog Les p'tites croix de Magalie, blog sur la broderie au point de croix. @ tr\u00e8s vite !","og_url":"https:\/\/lesptitescroixdemagalie.fr\/index.php\/2021\/11\/07\/rock-sur-jean\/","og_site_name":"Les p\u2018tites croix de Magalie par Magalie Vincendon","article_published_time":"2021-11-07T10:28:59+00:00","article_modified_time":"2021-12-04T23:51:16+00:00","og_image":[{"width":850,"height":589,"url":"https:\/\/lesptitescroixdemagalie.fr\/wp-content\/uploads\/2020\/07\/img20200705_10410573_page-0001-01.jpeg","type":"image\/jpeg"}],"author":"Magalie","twitter_card":"summary_large_image","twitter_misc":{"\u00c9crit par":"Magalie","Dur\u00e9e de lecture estim\u00e9e":"2 minutes"},"schema":{"@context":"https:\/\/schema.org","@graph":[{"@type":"Article","@id":"https:\/\/lesptitescroixdemagalie.fr\/index.php\/2021\/11\/07\/rock-sur-jean\/#article","isPartOf":{"@id":"https:\/\/lesptitescroixdemagalie.fr\/index.php\/2021\/11\/07\/rock-sur-jean\/"},"author":{"name":"Magalie","@id":"https:\/\/lesptitescroixdemagalie.fr\/#\/schema\/person\/f139e87a4747b6f22763ca6a9e5f03d1"},"headline":"\u00ab\u00a0Rock\u00a0\u00bb sur jean","datePublished":"2021-11-07T10:28:59+00:00","dateModified":"2021-12-04T23:51:16+00:00","mainEntityOfPage":{"@id":"https:\/\/lesptitescroixdemagalie.fr\/index.php\/2021\/11\/07\/rock-sur-jean\/"},"wordCount":380,"commentCount":2,"publisher":{"@id":"https:\/\/lesptitescroixdemagalie.fr\/#organization"},"image":{"@id":"https:\/\/lesptitescroixdemagalie.fr\/index.php\/2021\/11\/07\/rock-sur-jean\/#primaryimage"},"thumbnailUrl":"https:\/\/lesptitescroixdemagalie.fr\/wp-content\/uploads\/2020\/07\/img20200705_10410573_page-0001-01.jpeg","keywords":["article","cr\u00e9ation","point de croix"],"articleSection":["Archives du blog","Blog","Galerie du blog"],"inLanguage":"fr-FR","potentialAction":[{"@type":"CommentAction","name":"Comment","target":["https:\/\/lesptitescroixdemagalie.fr\/index.php\/2021\/11\/07\/rock-sur-jean\/#respond"]}]},{"@type":"WebPage","@id":"https:\/\/lesptitescroixdemagalie.fr\/index.php\/2021\/11\/07\/rock-sur-jean\/","url":"https:\/\/lesptitescroixdemagalie.fr\/index.php\/2021\/11\/07\/rock-sur-jean\/","name":"\"Rock\" sur jean - Les p\u2018tites croix de Magalie par Magalie Vincendon","isPartOf":{"@id":"https:\/\/lesptitescroixdemagalie.fr\/#website"},"primaryImageOfPage":{"@id":"https:\/\/lesptitescroixdemagalie.fr\/index.php\/2021\/11\/07\/rock-sur-jean\/#primaryimage"},"image":{"@id":"https:\/\/lesptitescroixdemagalie.fr\/index.php\/2021\/11\/07\/rock-sur-jean\/#primaryimage"},"thumbnailUrl":"https:\/\/lesptitescroixdemagalie.fr\/wp-content\/uploads\/2020\/07\/img20200705_10410573_page-0001-01.jpeg","datePublished":"2021-11-07T10:28:59+00:00","dateModified":"2021-12-04T23:51:16+00:00","description":"Ah, ce jean\u00a0! Un tr\u00e8s gros souvenir, un beau cadeau de c\u0153ur pour mon petit-cousin. Venez d\u00e9couvrir l'histoire et la technique de cette r\u00e9alisation de broderie au point de croix sur jean sur le blog Les p'tites croix de Magalie, blog sur la broderie au point de croix. @ tr\u00e8s vite !","breadcrumb":{"@id":"https:\/\/lesptitescroixdemagalie.fr\/index.php\/2021\/11\/07\/rock-sur-jean\/#breadcrumb"},"inLanguage":"fr-FR","potentialAction":[{"@type":"ReadAction","target":["https:\/\/lesptitescroixdemagalie.fr\/index.php\/2021\/11\/07\/rock-sur-jean\/"]}]},{"@type":"ImageObject","inLanguage":"fr-FR","@id":"https:\/\/lesptitescroixdemagalie.fr\/index.php\/2021\/11\/07\/rock-sur-jean\/#primaryimage","url":"https:\/\/lesptitescroixdemagalie.fr\/wp-content\/uploads\/2020\/07\/img20200705_10410573_page-0001-01.jpeg","contentUrl":"https:\/\/lesptitescroixdemagalie.fr\/wp-content\/uploads\/2020\/07\/img20200705_10410573_page-0001-01.jpeg","width":850,"height":589,"caption":"Rock sur jean"},{"@type":"BreadcrumbList","@id":"https:\/\/lesptitescroixdemagalie.fr\/index.php\/2021\/11\/07\/rock-sur-jean\/#breadcrumb","itemListElement":[{"@type":"ListItem","position":1,"name":"Accueil","item":"https:\/\/lesptitescroixdemagalie.fr\/"},{"@type":"ListItem","position":2,"name":"\u00ab\u00a0Rock\u00a0\u00bb sur jean"}]},{"@type":"WebSite","@id":"https:\/\/lesptitescroixdemagalie.fr\/#website","url":"https:\/\/lesptitescroixdemagalie.fr\/","name":"Les p\u2018tites croix de Magalie par Magalie Vincendon","description":"Point de croix, D\u00e9tente, Partage &amp; Bien-Etre","publisher":{"@id":"https:\/\/lesptitescroixdemagalie.fr\/#organization"},"potentialAction":[{"@type":"SearchAction","target":{"@type":"EntryPoint","urlTemplate":"https:\/\/lesptitescroixdemagalie.fr\/?s={search_term_string}"},"query-input":{"@type":"PropertyValueSpecification","valueRequired":true,"valueName":"search_term_string"}}],"inLanguage":"fr-FR"},{"@type":"Organization","@id":"https:\/\/lesptitescroixdemagalie.fr\/#organization","name":"Les p'tites croix de Magalie","url":"https:\/\/lesptitescroixdemagalie.fr\/","logo":{"@type":"ImageObject","inLanguage":"fr-FR","@id":"https:\/\/lesptitescroixdemagalie.fr\/#\/schema\/logo\/image\/","url":"https:\/\/lesptitescroixdemagalie.fr\/wp-content\/uploads\/2022\/07\/Logo-noir-fond-blanc.png","contentUrl":"https:\/\/lesptitescroixdemagalie.fr\/wp-content\/uploads\/2022\/07\/Logo-noir-fond-blanc.png","width":280,"height":350,"caption":"Les p'tites croix de Magalie"},"image":{"@id":"https:\/\/lesptitescroixdemagalie.fr\/#\/schema\/logo\/image\/"}},{"@type":"Person","@id":"https:\/\/lesptitescroixdemagalie.fr\/#\/schema\/person\/f139e87a4747b6f22763ca6a9e5f03d1","name":"Magalie","image":{"@type":"ImageObject","inLanguage":"fr-FR","@id":"https:\/\/secure.gravatar.com\/avatar\/2bdc3ffed3c31f28c412a7f0b0daa5cda38bcb7850b7166eaa9857f671d1d915?s=96&d=mm&r=g","url":"https:\/\/secure.gravatar.com\/avatar\/2bdc3ffed3c31f28c412a7f0b0daa5cda38bcb7850b7166eaa9857f671d1d915?s=96&d=mm&r=g","contentUrl":"https:\/\/secure.gravatar.com\/avatar\/2bdc3ffed3c31f28c412a7f0b0daa5cda38bcb7850b7166eaa9857f671d1d915?s=96&d=mm&r=g","caption":"Magalie"}}]}},"_links":{"self":[{"href":"https:\/\/lesptitescroixdemagalie.fr\/index.php\/wp-json\/wp\/v2\/posts\/3760","targetHints":{"allow":["GET"]}}],"collection":[{"href":"https:\/\/lesptitescroixdemagalie.fr\/index.php\/wp-json\/wp\/v2\/posts"}],"about":[{"href":"https:\/\/lesptitescroixdemagalie.fr\/index.php\/wp-json\/wp\/v2\/types\/post"}],"author":[{"embeddable":true,"href":"https:\/\/lesptitescroixdemagalie.fr\/index.php\/wp-json\/wp\/v2\/users\/1"}],"replies":[{"embeddable":true,"href":"https:\/\/lesptitescroixdemagalie.fr\/index.php\/wp-json\/wp\/v2\/comments?post=3760"}],"version-history":[{"count":8,"href":"https:\/\/lesptitescroixdemagalie.fr\/index.php\/wp-json\/wp\/v2\/posts\/3760\/revisions"}],"predecessor-version":[{"id":3778,"href":"https:\/\/lesptitescroixdemagalie.fr\/index.php\/wp-json\/wp\/v2\/posts\/3760\/revisions\/3778"}],"wp:featuredmedia":[{"embeddable":true,"href":"https:\/\/lesptitescroixdemagalie.fr\/index.php\/wp-json\/wp\/v2\/media\/2333"}],"wp:attachment":[{"href":"https:\/\/lesptitescroixdemagalie.fr\/index.php\/wp-json\/wp\/v2\/media?parent=3760"}],"wp:term":[{"taxonomy":"category","embeddable":true,"href":"https:\/\/lesptitescroixdemagalie.fr\/index.php\/wp-json\/wp\/v2\/categories?post=3760"},{"taxonomy":"post_tag","embeddable":true,"href":"https:\/\/lesptitescroixdemagalie.fr\/index.php\/wp-json\/wp\/v2\/tags?post=3760"}],"curies":[{"name":"wp","href":"https:\/\/api.w.org\/{rel}","templated":true}]}}