{"id":2741,"date":"2020-11-08T22:58:55","date_gmt":"2020-11-08T21:58:55","guid":{"rendered":"https:\/\/lesptitescroixdemagalie.fr\/?p=2741"},"modified":"2022-03-27T10:06:23","modified_gmt":"2022-03-27T08:06:23","slug":"tournesols-et-nuages","status":"publish","type":"post","link":"https:\/\/lesptitescroixdemagalie.fr\/index.php\/2020\/11\/08\/tournesols-et-nuages\/","title":{"rendered":"Tournesols et nuages !"},"content":{"rendered":"\n<div class=\"wp-block-columns is-layout-flex wp-container-core-columns-is-layout-9d6595d7 wp-block-columns-is-layout-flex\">\n<div class=\"wp-block-column is-layout-flow wp-block-column-is-layout-flow\">\n<figure class=\"wp-block-image size-large is-resized\"><img fetchpriority=\"high\" decoding=\"async\" src=\"https:\/\/lesptitescroixdemagalie.fr\/wp-content\/uploads\/2020\/11\/20200817_103832-1024x768.jpg\" alt=\"tournesols\" class=\"wp-image-2735\" width=\"512\" height=\"384\" srcset=\"https:\/\/lesptitescroixdemagalie.fr\/wp-content\/uploads\/2020\/11\/20200817_103832-1024x768.jpg 1024w, https:\/\/lesptitescroixdemagalie.fr\/wp-content\/uploads\/2020\/11\/20200817_103832-scaled-600x450.jpg 600w, https:\/\/lesptitescroixdemagalie.fr\/wp-content\/uploads\/2020\/11\/20200817_103832-300x225.jpg 300w, https:\/\/lesptitescroixdemagalie.fr\/wp-content\/uploads\/2020\/11\/20200817_103832-768x576.jpg 768w, https:\/\/lesptitescroixdemagalie.fr\/wp-content\/uploads\/2020\/11\/20200817_103832-1536x1152.jpg 1536w, https:\/\/lesptitescroixdemagalie.fr\/wp-content\/uploads\/2020\/11\/20200817_103832-2048x1536.jpg 2048w, https:\/\/lesptitescroixdemagalie.fr\/wp-content\/uploads\/2020\/11\/20200817_103832-1920x1440.jpg 1920w, https:\/\/lesptitescroixdemagalie.fr\/wp-content\/uploads\/2020\/11\/20200817_103832-1170x878.jpg 1170w, https:\/\/lesptitescroixdemagalie.fr\/wp-content\/uploads\/2020\/11\/20200817_103832-585x439.jpg 585w\" sizes=\"(max-width: 512px) 100vw, 512px\" \/><figcaption>Magalie V, 17\/08\/2020, Marne, France<\/figcaption><\/figure>\n\n\n\n<p><\/p>\n<\/div>\n\n\n\n<div class=\"wp-block-column is-layout-flow wp-block-column-is-layout-flow\">\n<p><br><br><br>Le champ de tournesols !<br><br>La vue de mes deux semaines de vacances chez ma maman, ouah !&nbsp;Ce jaune, ces fleurs immenses &#8230; ma fille \u00e9tait toute petite \u00e0 c\u00f4t\u00e9 !!<br><br>Et ce qu&rsquo;il y avait de plus chouette, c&rsquo;est que le d\u00e9cor se d\u00e9pla\u00e7ait au fur et \u00e0 mesure de la journ\u00e9e.&nbsp;Cette fleur porte tr\u00e8s bien son nom, elle suit vraiment le soleil !<\/p>\n<\/div>\n<\/div>\n\n\n\n<p><br><\/p>\n\n\n\n<div class=\"wp-block-columns is-layout-flex wp-container-core-columns-is-layout-9d6595d7 wp-block-columns-is-layout-flex\">\n<div class=\"wp-block-column is-layout-flow wp-block-column-is-layout-flow\">\n<p><br><br><br>Les nuages !<br><br>Qu&rsquo;est-ce que j&rsquo;ai pris comme photo du ciel pendant mon s\u00e9jour !&nbsp;De quoi faire une s\u00e9rie de broderie sur les nuages \u200b\u200b&#8230;<br><br>Un ciel azur, des nuages \u200b\u200bbien blancs, \u00e9pais ou touts fins, et tous les jours diff\u00e9rents, je me suis r\u00e9gal\u00e9e.<br><br>Sur la photo, ils \u00e9taient bien larges et prenaient toute la place dans le ciel, Magnifiques !<\/p>\n<\/div>\n\n\n\n<div class=\"wp-block-column is-layout-flow wp-block-column-is-layout-flow\">\n<figure class=\"wp-block-image size-large is-resized\"><img decoding=\"async\" src=\"https:\/\/lesptitescroixdemagalie.fr\/wp-content\/uploads\/2020\/11\/20200817_104803-1024x768.jpg\" alt=\"Gros nuages sur ciel bleu\" class=\"wp-image-2734\" width=\"512\" height=\"384\" srcset=\"https:\/\/lesptitescroixdemagalie.fr\/wp-content\/uploads\/2020\/11\/20200817_104803-1024x768.jpg 1024w, https:\/\/lesptitescroixdemagalie.fr\/wp-content\/uploads\/2020\/11\/20200817_104803-scaled-600x450.jpg 600w, https:\/\/lesptitescroixdemagalie.fr\/wp-content\/uploads\/2020\/11\/20200817_104803-300x225.jpg 300w, https:\/\/lesptitescroixdemagalie.fr\/wp-content\/uploads\/2020\/11\/20200817_104803-768x576.jpg 768w, https:\/\/lesptitescroixdemagalie.fr\/wp-content\/uploads\/2020\/11\/20200817_104803-1536x1152.jpg 1536w, https:\/\/lesptitescroixdemagalie.fr\/wp-content\/uploads\/2020\/11\/20200817_104803-2048x1536.jpg 2048w, https:\/\/lesptitescroixdemagalie.fr\/wp-content\/uploads\/2020\/11\/20200817_104803-1920x1440.jpg 1920w, https:\/\/lesptitescroixdemagalie.fr\/wp-content\/uploads\/2020\/11\/20200817_104803-1170x878.jpg 1170w, https:\/\/lesptitescroixdemagalie.fr\/wp-content\/uploads\/2020\/11\/20200817_104803-585x439.jpg 585w\" sizes=\"(max-width: 512px) 100vw, 512px\" \/><figcaption>Magalie V, 17\/08\/2020, Marne, France<\/figcaption><\/figure>\n<\/div>\n<\/div>\n\n\n\n<p><\/p>\n","protected":false},"excerpt":{"rendered":"<p>Le champ de tournesols ! La vue de mes deux semaines de vacances chez ma maman,&hellip;<\/p>\n","protected":false},"author":1,"featured_media":0,"comment_status":"open","ping_status":"open","sticky":false,"template":"","format":"standard","meta":{"inline_featured_image":false,"_monsterinsights_skip_tracking":false,"_monsterinsights_sitenote_active":false,"_monsterinsights_sitenote_note":"","_monsterinsights_sitenote_category":0,"footnotes":""},"categories":[24,40,31],"tags":[35,43,42],"class_list":["post-2741","post","type-post","status-publish","format-standard","hentry","category-archives-du-blog","category-autres-passions","category-blog","tag-article","tag-campagne","tag-photo"],"yoast_head":"<!-- This site is optimized with the Yoast SEO plugin v27.5 - https:\/\/yoast.com\/product\/yoast-seo-wordpress\/ -->\n<title>Tournesols et nuages ! - Les p\u2018tites croix de Magalie par Magalie Vincendon<\/title>\n<meta name=\"description\" content=\"La photographie me permet de fixer un instant magique ou d&#039;autres moments remarquables \u00e0 mes yeux. Une source d&#039;inspiration pour mes ouvrages au point de croix.\" \/>\n<meta name=\"robots\" content=\"index, follow, max-snippet:-1, max-image-preview:large, max-video-preview:-1\" \/>\n<link rel=\"canonical\" href=\"https:\/\/lesptitescroixdemagalie.fr\/index.php\/2020\/11\/08\/tournesols-et-nuages\/\" \/>\n<meta property=\"og:locale\" content=\"fr_FR\" \/>\n<meta property=\"og:type\" content=\"article\" \/>\n<meta property=\"og:title\" content=\"Tournesols et nuages ! - Les p\u2018tites croix de Magalie par Magalie Vincendon\" \/>\n<meta property=\"og:description\" content=\"La photographie me permet de fixer un instant magique ou d&#039;autres moments remarquables \u00e0 mes yeux. Une source d&#039;inspiration pour mes ouvrages au point de croix.\" \/>\n<meta property=\"og:url\" content=\"https:\/\/lesptitescroixdemagalie.fr\/index.php\/2020\/11\/08\/tournesols-et-nuages\/\" \/>\n<meta property=\"og:site_name\" content=\"Les p\u2018tites croix de Magalie par Magalie Vincendon\" \/>\n<meta property=\"article:published_time\" content=\"2020-11-08T21:58:55+00:00\" \/>\n<meta property=\"article:modified_time\" content=\"2022-03-27T08:06:23+00:00\" \/>\n<meta property=\"og:image\" content=\"https:\/\/lesptitescroixdemagalie.fr\/wp-content\/uploads\/2020\/11\/20200817_103832-1024x768.jpg\" \/>\n<meta name=\"author\" content=\"Magalie\" \/>\n<meta name=\"twitter:card\" content=\"summary_large_image\" \/>\n<meta name=\"twitter:label1\" content=\"\u00c9crit par\" \/>\n\t<meta name=\"twitter:data1\" content=\"Magalie\" \/>\n\t<meta name=\"twitter:label2\" content=\"Dur\u00e9e de lecture estim\u00e9e\" \/>\n\t<meta name=\"twitter:data2\" content=\"2 minutes\" \/>\n<script type=\"application\/ld+json\" class=\"yoast-schema-graph\">{\"@context\":\"https:\\\/\\\/schema.org\",\"@graph\":[{\"@type\":\"Article\",\"@id\":\"https:\\\/\\\/lesptitescroixdemagalie.fr\\\/index.php\\\/2020\\\/11\\\/08\\\/tournesols-et-nuages\\\/#article\",\"isPartOf\":{\"@id\":\"https:\\\/\\\/lesptitescroixdemagalie.fr\\\/index.php\\\/2020\\\/11\\\/08\\\/tournesols-et-nuages\\\/\"},\"author\":{\"name\":\"Magalie\",\"@id\":\"https:\\\/\\\/lesptitescroixdemagalie.fr\\\/#\\\/schema\\\/person\\\/f139e87a4747b6f22763ca6a9e5f03d1\"},\"headline\":\"Tournesols et nuages !\",\"datePublished\":\"2020-11-08T21:58:55+00:00\",\"dateModified\":\"2022-03-27T08:06:23+00:00\",\"mainEntityOfPage\":{\"@id\":\"https:\\\/\\\/lesptitescroixdemagalie.fr\\\/index.php\\\/2020\\\/11\\\/08\\\/tournesols-et-nuages\\\/\"},\"wordCount\":144,\"commentCount\":2,\"publisher\":{\"@id\":\"https:\\\/\\\/lesptitescroixdemagalie.fr\\\/#organization\"},\"image\":{\"@id\":\"https:\\\/\\\/lesptitescroixdemagalie.fr\\\/index.php\\\/2020\\\/11\\\/08\\\/tournesols-et-nuages\\\/#primaryimage\"},\"thumbnailUrl\":\"https:\\\/\\\/lesptitescroixdemagalie.fr\\\/wp-content\\\/uploads\\\/2020\\\/11\\\/20200817_103832-1024x768.jpg\",\"keywords\":[\"article\",\"campagne\",\"photo\"],\"articleSection\":[\"Archives du blog\",\"Autres passions...\",\"Blog\"],\"inLanguage\":\"fr-FR\",\"potentialAction\":[{\"@type\":\"CommentAction\",\"name\":\"Comment\",\"target\":[\"https:\\\/\\\/lesptitescroixdemagalie.fr\\\/index.php\\\/2020\\\/11\\\/08\\\/tournesols-et-nuages\\\/#respond\"]}]},{\"@type\":\"WebPage\",\"@id\":\"https:\\\/\\\/lesptitescroixdemagalie.fr\\\/index.php\\\/2020\\\/11\\\/08\\\/tournesols-et-nuages\\\/\",\"url\":\"https:\\\/\\\/lesptitescroixdemagalie.fr\\\/index.php\\\/2020\\\/11\\\/08\\\/tournesols-et-nuages\\\/\",\"name\":\"Tournesols et nuages ! - Les p\u2018tites croix de Magalie par Magalie Vincendon\",\"isPartOf\":{\"@id\":\"https:\\\/\\\/lesptitescroixdemagalie.fr\\\/#website\"},\"primaryImageOfPage\":{\"@id\":\"https:\\\/\\\/lesptitescroixdemagalie.fr\\\/index.php\\\/2020\\\/11\\\/08\\\/tournesols-et-nuages\\\/#primaryimage\"},\"image\":{\"@id\":\"https:\\\/\\\/lesptitescroixdemagalie.fr\\\/index.php\\\/2020\\\/11\\\/08\\\/tournesols-et-nuages\\\/#primaryimage\"},\"thumbnailUrl\":\"https:\\\/\\\/lesptitescroixdemagalie.fr\\\/wp-content\\\/uploads\\\/2020\\\/11\\\/20200817_103832-1024x768.jpg\",\"datePublished\":\"2020-11-08T21:58:55+00:00\",\"dateModified\":\"2022-03-27T08:06:23+00:00\",\"description\":\"La photographie me permet de fixer un instant magique ou d'autres moments remarquables \u00e0 mes yeux. Une source d'inspiration pour mes ouvrages au point de croix.\",\"breadcrumb\":{\"@id\":\"https:\\\/\\\/lesptitescroixdemagalie.fr\\\/index.php\\\/2020\\\/11\\\/08\\\/tournesols-et-nuages\\\/#breadcrumb\"},\"inLanguage\":\"fr-FR\",\"potentialAction\":[{\"@type\":\"ReadAction\",\"target\":[\"https:\\\/\\\/lesptitescroixdemagalie.fr\\\/index.php\\\/2020\\\/11\\\/08\\\/tournesols-et-nuages\\\/\"]}]},{\"@type\":\"ImageObject\",\"inLanguage\":\"fr-FR\",\"@id\":\"https:\\\/\\\/lesptitescroixdemagalie.fr\\\/index.php\\\/2020\\\/11\\\/08\\\/tournesols-et-nuages\\\/#primaryimage\",\"url\":\"https:\\\/\\\/lesptitescroixdemagalie.fr\\\/wp-content\\\/uploads\\\/2020\\\/11\\\/20200817_103832-1024x768.jpg\",\"contentUrl\":\"https:\\\/\\\/lesptitescroixdemagalie.fr\\\/wp-content\\\/uploads\\\/2020\\\/11\\\/20200817_103832-1024x768.jpg\"},{\"@type\":\"BreadcrumbList\",\"@id\":\"https:\\\/\\\/lesptitescroixdemagalie.fr\\\/index.php\\\/2020\\\/11\\\/08\\\/tournesols-et-nuages\\\/#breadcrumb\",\"itemListElement\":[{\"@type\":\"ListItem\",\"position\":1,\"name\":\"Accueil\",\"item\":\"https:\\\/\\\/lesptitescroixdemagalie.fr\\\/\"},{\"@type\":\"ListItem\",\"position\":2,\"name\":\"Tournesols et nuages !\"}]},{\"@type\":\"WebSite\",\"@id\":\"https:\\\/\\\/lesptitescroixdemagalie.fr\\\/#website\",\"url\":\"https:\\\/\\\/lesptitescroixdemagalie.fr\\\/\",\"name\":\"Les p\u2018tites croix de Magalie par Magalie Vincendon\",\"description\":\"Point de croix, D\u00e9tente, Partage &amp; Bien-Etre\",\"publisher\":{\"@id\":\"https:\\\/\\\/lesptitescroixdemagalie.fr\\\/#organization\"},\"potentialAction\":[{\"@type\":\"SearchAction\",\"target\":{\"@type\":\"EntryPoint\",\"urlTemplate\":\"https:\\\/\\\/lesptitescroixdemagalie.fr\\\/?s={search_term_string}\"},\"query-input\":{\"@type\":\"PropertyValueSpecification\",\"valueRequired\":true,\"valueName\":\"search_term_string\"}}],\"inLanguage\":\"fr-FR\"},{\"@type\":\"Organization\",\"@id\":\"https:\\\/\\\/lesptitescroixdemagalie.fr\\\/#organization\",\"name\":\"Les p'tites croix de Magalie\",\"url\":\"https:\\\/\\\/lesptitescroixdemagalie.fr\\\/\",\"logo\":{\"@type\":\"ImageObject\",\"inLanguage\":\"fr-FR\",\"@id\":\"https:\\\/\\\/lesptitescroixdemagalie.fr\\\/#\\\/schema\\\/logo\\\/image\\\/\",\"url\":\"https:\\\/\\\/lesptitescroixdemagalie.fr\\\/wp-content\\\/uploads\\\/2022\\\/07\\\/Logo-noir-fond-blanc.png\",\"contentUrl\":\"https:\\\/\\\/lesptitescroixdemagalie.fr\\\/wp-content\\\/uploads\\\/2022\\\/07\\\/Logo-noir-fond-blanc.png\",\"width\":280,\"height\":350,\"caption\":\"Les p'tites croix de Magalie\"},\"image\":{\"@id\":\"https:\\\/\\\/lesptitescroixdemagalie.fr\\\/#\\\/schema\\\/logo\\\/image\\\/\"}},{\"@type\":\"Person\",\"@id\":\"https:\\\/\\\/lesptitescroixdemagalie.fr\\\/#\\\/schema\\\/person\\\/f139e87a4747b6f22763ca6a9e5f03d1\",\"name\":\"Magalie\",\"image\":{\"@type\":\"ImageObject\",\"inLanguage\":\"fr-FR\",\"@id\":\"https:\\\/\\\/secure.gravatar.com\\\/avatar\\\/2bdc3ffed3c31f28c412a7f0b0daa5cda38bcb7850b7166eaa9857f671d1d915?s=96&d=mm&r=g\",\"url\":\"https:\\\/\\\/secure.gravatar.com\\\/avatar\\\/2bdc3ffed3c31f28c412a7f0b0daa5cda38bcb7850b7166eaa9857f671d1d915?s=96&d=mm&r=g\",\"contentUrl\":\"https:\\\/\\\/secure.gravatar.com\\\/avatar\\\/2bdc3ffed3c31f28c412a7f0b0daa5cda38bcb7850b7166eaa9857f671d1d915?s=96&d=mm&r=g\",\"caption\":\"Magalie\"}}]}<\/script>\n<!-- \/ Yoast SEO plugin. -->","yoast_head_json":{"title":"Tournesols et nuages ! - Les p\u2018tites croix de Magalie par Magalie Vincendon","description":"La photographie me permet de fixer un instant magique ou d'autres moments remarquables \u00e0 mes yeux. Une source d'inspiration pour mes ouvrages au point de croix.","robots":{"index":"index","follow":"follow","max-snippet":"max-snippet:-1","max-image-preview":"max-image-preview:large","max-video-preview":"max-video-preview:-1"},"canonical":"https:\/\/lesptitescroixdemagalie.fr\/index.php\/2020\/11\/08\/tournesols-et-nuages\/","og_locale":"fr_FR","og_type":"article","og_title":"Tournesols et nuages ! - Les p\u2018tites croix de Magalie par Magalie Vincendon","og_description":"La photographie me permet de fixer un instant magique ou d'autres moments remarquables \u00e0 mes yeux. Une source d'inspiration pour mes ouvrages au point de croix.","og_url":"https:\/\/lesptitescroixdemagalie.fr\/index.php\/2020\/11\/08\/tournesols-et-nuages\/","og_site_name":"Les p\u2018tites croix de Magalie par Magalie Vincendon","article_published_time":"2020-11-08T21:58:55+00:00","article_modified_time":"2022-03-27T08:06:23+00:00","og_image":[{"url":"https:\/\/lesptitescroixdemagalie.fr\/wp-content\/uploads\/2020\/11\/20200817_103832-1024x768.jpg","type":"","width":"","height":""}],"author":"Magalie","twitter_card":"summary_large_image","twitter_misc":{"\u00c9crit par":"Magalie","Dur\u00e9e de lecture estim\u00e9e":"2 minutes"},"schema":{"@context":"https:\/\/schema.org","@graph":[{"@type":"Article","@id":"https:\/\/lesptitescroixdemagalie.fr\/index.php\/2020\/11\/08\/tournesols-et-nuages\/#article","isPartOf":{"@id":"https:\/\/lesptitescroixdemagalie.fr\/index.php\/2020\/11\/08\/tournesols-et-nuages\/"},"author":{"name":"Magalie","@id":"https:\/\/lesptitescroixdemagalie.fr\/#\/schema\/person\/f139e87a4747b6f22763ca6a9e5f03d1"},"headline":"Tournesols et nuages !","datePublished":"2020-11-08T21:58:55+00:00","dateModified":"2022-03-27T08:06:23+00:00","mainEntityOfPage":{"@id":"https:\/\/lesptitescroixdemagalie.fr\/index.php\/2020\/11\/08\/tournesols-et-nuages\/"},"wordCount":144,"commentCount":2,"publisher":{"@id":"https:\/\/lesptitescroixdemagalie.fr\/#organization"},"image":{"@id":"https:\/\/lesptitescroixdemagalie.fr\/index.php\/2020\/11\/08\/tournesols-et-nuages\/#primaryimage"},"thumbnailUrl":"https:\/\/lesptitescroixdemagalie.fr\/wp-content\/uploads\/2020\/11\/20200817_103832-1024x768.jpg","keywords":["article","campagne","photo"],"articleSection":["Archives du blog","Autres passions...","Blog"],"inLanguage":"fr-FR","potentialAction":[{"@type":"CommentAction","name":"Comment","target":["https:\/\/lesptitescroixdemagalie.fr\/index.php\/2020\/11\/08\/tournesols-et-nuages\/#respond"]}]},{"@type":"WebPage","@id":"https:\/\/lesptitescroixdemagalie.fr\/index.php\/2020\/11\/08\/tournesols-et-nuages\/","url":"https:\/\/lesptitescroixdemagalie.fr\/index.php\/2020\/11\/08\/tournesols-et-nuages\/","name":"Tournesols et nuages ! - Les p\u2018tites croix de Magalie par Magalie Vincendon","isPartOf":{"@id":"https:\/\/lesptitescroixdemagalie.fr\/#website"},"primaryImageOfPage":{"@id":"https:\/\/lesptitescroixdemagalie.fr\/index.php\/2020\/11\/08\/tournesols-et-nuages\/#primaryimage"},"image":{"@id":"https:\/\/lesptitescroixdemagalie.fr\/index.php\/2020\/11\/08\/tournesols-et-nuages\/#primaryimage"},"thumbnailUrl":"https:\/\/lesptitescroixdemagalie.fr\/wp-content\/uploads\/2020\/11\/20200817_103832-1024x768.jpg","datePublished":"2020-11-08T21:58:55+00:00","dateModified":"2022-03-27T08:06:23+00:00","description":"La photographie me permet de fixer un instant magique ou d'autres moments remarquables \u00e0 mes yeux. Une source d'inspiration pour mes ouvrages au point de croix.","breadcrumb":{"@id":"https:\/\/lesptitescroixdemagalie.fr\/index.php\/2020\/11\/08\/tournesols-et-nuages\/#breadcrumb"},"inLanguage":"fr-FR","potentialAction":[{"@type":"ReadAction","target":["https:\/\/lesptitescroixdemagalie.fr\/index.php\/2020\/11\/08\/tournesols-et-nuages\/"]}]},{"@type":"ImageObject","inLanguage":"fr-FR","@id":"https:\/\/lesptitescroixdemagalie.fr\/index.php\/2020\/11\/08\/tournesols-et-nuages\/#primaryimage","url":"https:\/\/lesptitescroixdemagalie.fr\/wp-content\/uploads\/2020\/11\/20200817_103832-1024x768.jpg","contentUrl":"https:\/\/lesptitescroixdemagalie.fr\/wp-content\/uploads\/2020\/11\/20200817_103832-1024x768.jpg"},{"@type":"BreadcrumbList","@id":"https:\/\/lesptitescroixdemagalie.fr\/index.php\/2020\/11\/08\/tournesols-et-nuages\/#breadcrumb","itemListElement":[{"@type":"ListItem","position":1,"name":"Accueil","item":"https:\/\/lesptitescroixdemagalie.fr\/"},{"@type":"ListItem","position":2,"name":"Tournesols et nuages !"}]},{"@type":"WebSite","@id":"https:\/\/lesptitescroixdemagalie.fr\/#website","url":"https:\/\/lesptitescroixdemagalie.fr\/","name":"Les p\u2018tites croix de Magalie par Magalie Vincendon","description":"Point de croix, D\u00e9tente, Partage &amp; Bien-Etre","publisher":{"@id":"https:\/\/lesptitescroixdemagalie.fr\/#organization"},"potentialAction":[{"@type":"SearchAction","target":{"@type":"EntryPoint","urlTemplate":"https:\/\/lesptitescroixdemagalie.fr\/?s={search_term_string}"},"query-input":{"@type":"PropertyValueSpecification","valueRequired":true,"valueName":"search_term_string"}}],"inLanguage":"fr-FR"},{"@type":"Organization","@id":"https:\/\/lesptitescroixdemagalie.fr\/#organization","name":"Les p'tites croix de Magalie","url":"https:\/\/lesptitescroixdemagalie.fr\/","logo":{"@type":"ImageObject","inLanguage":"fr-FR","@id":"https:\/\/lesptitescroixdemagalie.fr\/#\/schema\/logo\/image\/","url":"https:\/\/lesptitescroixdemagalie.fr\/wp-content\/uploads\/2022\/07\/Logo-noir-fond-blanc.png","contentUrl":"https:\/\/lesptitescroixdemagalie.fr\/wp-content\/uploads\/2022\/07\/Logo-noir-fond-blanc.png","width":280,"height":350,"caption":"Les p'tites croix de Magalie"},"image":{"@id":"https:\/\/lesptitescroixdemagalie.fr\/#\/schema\/logo\/image\/"}},{"@type":"Person","@id":"https:\/\/lesptitescroixdemagalie.fr\/#\/schema\/person\/f139e87a4747b6f22763ca6a9e5f03d1","name":"Magalie","image":{"@type":"ImageObject","inLanguage":"fr-FR","@id":"https:\/\/secure.gravatar.com\/avatar\/2bdc3ffed3c31f28c412a7f0b0daa5cda38bcb7850b7166eaa9857f671d1d915?s=96&d=mm&r=g","url":"https:\/\/secure.gravatar.com\/avatar\/2bdc3ffed3c31f28c412a7f0b0daa5cda38bcb7850b7166eaa9857f671d1d915?s=96&d=mm&r=g","contentUrl":"https:\/\/secure.gravatar.com\/avatar\/2bdc3ffed3c31f28c412a7f0b0daa5cda38bcb7850b7166eaa9857f671d1d915?s=96&d=mm&r=g","caption":"Magalie"}}]}},"_links":{"self":[{"href":"https:\/\/lesptitescroixdemagalie.fr\/index.php\/wp-json\/wp\/v2\/posts\/2741","targetHints":{"allow":["GET"]}}],"collection":[{"href":"https:\/\/lesptitescroixdemagalie.fr\/index.php\/wp-json\/wp\/v2\/posts"}],"about":[{"href":"https:\/\/lesptitescroixdemagalie.fr\/index.php\/wp-json\/wp\/v2\/types\/post"}],"author":[{"embeddable":true,"href":"https:\/\/lesptitescroixdemagalie.fr\/index.php\/wp-json\/wp\/v2\/users\/1"}],"replies":[{"embeddable":true,"href":"https:\/\/lesptitescroixdemagalie.fr\/index.php\/wp-json\/wp\/v2\/comments?post=2741"}],"version-history":[{"count":7,"href":"https:\/\/lesptitescroixdemagalie.fr\/index.php\/wp-json\/wp\/v2\/posts\/2741\/revisions"}],"predecessor-version":[{"id":2765,"href":"https:\/\/lesptitescroixdemagalie.fr\/index.php\/wp-json\/wp\/v2\/posts\/2741\/revisions\/2765"}],"wp:attachment":[{"href":"https:\/\/lesptitescroixdemagalie.fr\/index.php\/wp-json\/wp\/v2\/media?parent=2741"}],"wp:term":[{"taxonomy":"category","embeddable":true,"href":"https:\/\/lesptitescroixdemagalie.fr\/index.php\/wp-json\/wp\/v2\/categories?post=2741"},{"taxonomy":"post_tag","embeddable":true,"href":"https:\/\/lesptitescroixdemagalie.fr\/index.php\/wp-json\/wp\/v2\/tags?post=2741"}],"curies":[{"name":"wp","href":"https:\/\/api.w.org\/{rel}","templated":true}]}}