{"id":2691,"date":"2020-10-25T19:17:51","date_gmt":"2020-10-25T18:17:51","guid":{"rendered":"https:\/\/lesptitescroixdemagalie.fr\/?p=2691"},"modified":"2022-06-06T17:58:54","modified_gmt":"2022-06-06T15:58:54","slug":"jardin-a-lancienne","status":"publish","type":"post","link":"https:\/\/lesptitescroixdemagalie.fr\/index.php\/2020\/10\/25\/jardin-a-lancienne\/","title":{"rendered":"Jardin \u00e0 l&rsquo;ancienne"},"content":{"rendered":"<div class=\"wp-block-image\">\n<figure class=\"aligncenter size-large is-resized\"><img fetchpriority=\"high\" decoding=\"async\" src=\"https:\/\/lesptitescroixdemagalie.fr\/wp-content\/uploads\/2020\/07\/img20200705_10345693_page-0001-01.jpeg\" alt=\"jardin \u00e0 l'ancienne\" class=\"wp-image-2329\" width=\"498\" height=\"353\"\/><\/figure>\n<\/div>\n\n\n<p><br><\/p>\n\n\n\n<p class=\"has-normal-font-size\">Au d\u00e9but, j\u2019ai juste trouv\u00e9 ce mod\u00e8le super joli, tr\u00e8s int\u00e9ressant, tr\u00e8s fin et tr\u00e8s technique. Il m\u2019a tout de suite attir\u00e9 et, bizarrement, j\u2019ai trouv\u00e9 le cadre avant m\u00eame de commencer \u00e0 broder&nbsp;!<br><br>Le travail a \u00e9t\u00e9 un peu long, l\u2019ouvrage \u00e9tait de grande taille aussi mais je n\u2019ai pas l\u00e2ch\u00e9 et j\u2019ai tenu bon jusqu\u2019au bout.<br><br>Il n\u2019\u00e9tait destin\u00e9 \u00e0 personne en particulier puis, au fur et \u00e0 mesure, cela s\u2019est impos\u00e9 \u00e0 moi&nbsp;: mon oncle, forgeron de c\u0153ur et de m\u00e9tier et ma tante qui aime les fleurs et la d\u00e9coration int\u00e9rieure. Pile, poil&nbsp;!<br><br>J\u2019avoue, aujourd\u2019hui apr\u00e8s quelques ann\u00e9es, j\u2019ai eu du mal \u00e0 m\u2019en s\u00e9parer mais\u2026 je n\u2019avais pas de place dans mon appartement&nbsp;!<br><br>C\u00f4t\u00e9 technique, je l\u2019ai un peu \u00e9voqu\u00e9, cet ouvrage a \u00e9t\u00e9 long \u00e0 r\u00e9aliser mais tellement beau, avec des d\u00e9grad\u00e9s et pleins de <a href=\"https:\/\/lesptitescroixdemagalie.fr\/index.php\/lexique\/\"><em><u>points<\/u><\/em> <\/a>diff\u00e9rents&nbsp;: point de croix, \u00be de point, \u00bd point, point de piq\u00fbre (encore lui&nbsp;!) et point de n\u0153ud, qui ont chacun leur effet. C\u2019\u00e9tait dur mais j\u2019y ai pris beaucoup de plaisir&nbsp;!<br><br>Pour l\u2019encadrement, j\u2019ai trich\u00e9 un peu&nbsp;! La toile \u00e9tait trop courte par rapport au cadre (quelle id\u00e9e de l\u2019avoir achet\u00e9 avant&nbsp;!), j\u2019ai donc pris une feuille blanche ajour\u00e9e \u00e0 la bonne taille pour encadrer les motifs et r\u00e9duire l\u2019espace avec le cadre, pour habiller l\u2019ouvrage.<br><br>Finalement, \u00e7a rend pas mal&nbsp;!<\/p>\n\n\n\n<ul class=\"has-normal-font-size wp-block-list\"><li>Temps moyen de r\u00e9alisation\u00a0: 45h<\/li><li>Points utilis\u00e9s\u00a0: point de croix, quart de point, \u00bd point, point de piq\u00fbre et point de n\u0153ud<\/li><li>Dimensions\u00a0: 35,8 X 30,5cm<\/li><li>Nombre de couleur\u00a0: 18<\/li><li>Fournitures\u00a0: Toile A\u00efda 5,5pts blanche, cadre, aiguille, fils coton moulin\u00e9<\/li><li>Cadre : vert en bois<\/li><\/ul>\n\n\n\n<p><\/p>\n\n\n\n<p class=\"has-normal-font-size\">Vous avez aim\u00e9\u2026 ou pas&nbsp;!<br>Laisser vos commentaires, vos impressions, un petit c\u0153ur, je vous r\u00e9pondrai avec plaisir !<\/p>\n\n\n\n<p class=\"has-normal-font-size\">@ tr\u00e8s vite&nbsp;!<\/p>\n","protected":false},"excerpt":{"rendered":"<p>Au d\u00e9but, j\u2019ai juste trouv\u00e9 ce mod\u00e8le super joli, tr\u00e8s int\u00e9ressant, tr\u00e8s fin et tr\u00e8s technique.&hellip;<\/p>\n","protected":false},"author":1,"featured_media":2329,"comment_status":"open","ping_status":"open","sticky":false,"template":"","format":"standard","meta":{"inline_featured_image":false,"_monsterinsights_skip_tracking":false,"_monsterinsights_sitenote_active":false,"_monsterinsights_sitenote_note":"","_monsterinsights_sitenote_category":0,"footnotes":""},"categories":[24,31,28],"tags":[35,41,39],"class_list":["post-2691","post","type-post","status-publish","format-standard","has-post-thumbnail","hentry","category-archives-du-blog","category-blog","category-galerie-du-blog","tag-article","tag-modele","tag-point-de-croix"],"yoast_head":"<!-- This site is optimized with the Yoast SEO plugin v27.5 - https:\/\/yoast.com\/product\/yoast-seo-wordpress\/ -->\n<title>Jardin \u00e0 l&#039;ancienne - Les p\u2018tites croix de Magalie par Magalie Vincendon<\/title>\n<meta name=\"description\" content=\"Au d\u00e9but, j\u2019ai juste trouv\u00e9 ce mod\u00e8le super joli, tr\u00e8s int\u00e9ressant, tr\u00e8s fin et tr\u00e8s technique. Il m\u2019a tout de suite attir\u00e9 et, bizarrement, j\u2019ai trouv\u00e9 le cadre avant m\u00eame de commencer \u00e0 broder\u00a0! \u2026 Venez d\u00e9couvrir l&#039;histoire de ce jardin \u00e0 l&#039;ancienne au point de croix sur le blog Les p&#039;tites croix de Magalie, blog sur l&#039;apprentissage de la broderie au point de croix.\" \/>\n<meta name=\"robots\" content=\"index, follow, max-snippet:-1, max-image-preview:large, max-video-preview:-1\" \/>\n<link rel=\"canonical\" href=\"https:\/\/lesptitescroixdemagalie.fr\/index.php\/2020\/10\/25\/jardin-a-lancienne\/\" \/>\n<meta property=\"og:locale\" content=\"fr_FR\" \/>\n<meta property=\"og:type\" content=\"article\" \/>\n<meta property=\"og:title\" content=\"Jardin \u00e0 l&#039;ancienne - Les p\u2018tites croix de Magalie par Magalie Vincendon\" \/>\n<meta property=\"og:description\" content=\"Au d\u00e9but, j\u2019ai juste trouv\u00e9 ce mod\u00e8le super joli, tr\u00e8s int\u00e9ressant, tr\u00e8s fin et tr\u00e8s technique. Il m\u2019a tout de suite attir\u00e9 et, bizarrement, j\u2019ai trouv\u00e9 le cadre avant m\u00eame de commencer \u00e0 broder\u00a0! \u2026 Venez d\u00e9couvrir l&#039;histoire de ce jardin \u00e0 l&#039;ancienne au point de croix sur le blog Les p&#039;tites croix de Magalie, blog sur l&#039;apprentissage de la broderie au point de croix.\" \/>\n<meta property=\"og:url\" content=\"https:\/\/lesptitescroixdemagalie.fr\/index.php\/2020\/10\/25\/jardin-a-lancienne\/\" \/>\n<meta property=\"og:site_name\" content=\"Les p\u2018tites croix de Magalie par Magalie Vincendon\" \/>\n<meta property=\"article:published_time\" content=\"2020-10-25T18:17:51+00:00\" \/>\n<meta property=\"article:modified_time\" content=\"2022-06-06T15:58:54+00:00\" \/>\n<meta property=\"og:image\" content=\"https:\/\/lesptitescroixdemagalie.fr\/wp-content\/uploads\/2020\/07\/img20200705_10345693_page-0001-01-e1624228045712.jpeg\" \/>\n\t<meta property=\"og:image:width\" content=\"300\" \/>\n\t<meta property=\"og:image:height\" content=\"213\" \/>\n\t<meta property=\"og:image:type\" content=\"image\/jpeg\" \/>\n<meta name=\"author\" content=\"Magalie\" \/>\n<meta name=\"twitter:card\" content=\"summary_large_image\" \/>\n<meta name=\"twitter:label1\" content=\"\u00c9crit par\" \/>\n\t<meta name=\"twitter:data1\" content=\"Magalie\" \/>\n\t<meta name=\"twitter:label2\" content=\"Dur\u00e9e de lecture estim\u00e9e\" \/>\n\t<meta name=\"twitter:data2\" content=\"2 minutes\" \/>\n<script type=\"application\/ld+json\" class=\"yoast-schema-graph\">{\"@context\":\"https:\\\/\\\/schema.org\",\"@graph\":[{\"@type\":\"Article\",\"@id\":\"https:\\\/\\\/lesptitescroixdemagalie.fr\\\/index.php\\\/2020\\\/10\\\/25\\\/jardin-a-lancienne\\\/#article\",\"isPartOf\":{\"@id\":\"https:\\\/\\\/lesptitescroixdemagalie.fr\\\/index.php\\\/2020\\\/10\\\/25\\\/jardin-a-lancienne\\\/\"},\"author\":{\"name\":\"Magalie\",\"@id\":\"https:\\\/\\\/lesptitescroixdemagalie.fr\\\/#\\\/schema\\\/person\\\/f139e87a4747b6f22763ca6a9e5f03d1\"},\"headline\":\"Jardin \u00e0 l&rsquo;ancienne\",\"datePublished\":\"2020-10-25T18:17:51+00:00\",\"dateModified\":\"2022-06-06T15:58:54+00:00\",\"mainEntityOfPage\":{\"@id\":\"https:\\\/\\\/lesptitescroixdemagalie.fr\\\/index.php\\\/2020\\\/10\\\/25\\\/jardin-a-lancienne\\\/\"},\"wordCount\":346,\"commentCount\":4,\"publisher\":{\"@id\":\"https:\\\/\\\/lesptitescroixdemagalie.fr\\\/#organization\"},\"image\":{\"@id\":\"https:\\\/\\\/lesptitescroixdemagalie.fr\\\/index.php\\\/2020\\\/10\\\/25\\\/jardin-a-lancienne\\\/#primaryimage\"},\"thumbnailUrl\":\"https:\\\/\\\/lesptitescroixdemagalie.fr\\\/wp-content\\\/uploads\\\/2020\\\/07\\\/img20200705_10345693_page-0001-01-e1624228045712.jpeg\",\"keywords\":[\"article\",\"mod\u00e8le\",\"point de croix\"],\"articleSection\":[\"Archives du blog\",\"Blog\",\"Galerie du blog\"],\"inLanguage\":\"fr-FR\",\"potentialAction\":[{\"@type\":\"CommentAction\",\"name\":\"Comment\",\"target\":[\"https:\\\/\\\/lesptitescroixdemagalie.fr\\\/index.php\\\/2020\\\/10\\\/25\\\/jardin-a-lancienne\\\/#respond\"]}]},{\"@type\":\"WebPage\",\"@id\":\"https:\\\/\\\/lesptitescroixdemagalie.fr\\\/index.php\\\/2020\\\/10\\\/25\\\/jardin-a-lancienne\\\/\",\"url\":\"https:\\\/\\\/lesptitescroixdemagalie.fr\\\/index.php\\\/2020\\\/10\\\/25\\\/jardin-a-lancienne\\\/\",\"name\":\"Jardin \u00e0 l'ancienne - Les p\u2018tites croix de Magalie par Magalie Vincendon\",\"isPartOf\":{\"@id\":\"https:\\\/\\\/lesptitescroixdemagalie.fr\\\/#website\"},\"primaryImageOfPage\":{\"@id\":\"https:\\\/\\\/lesptitescroixdemagalie.fr\\\/index.php\\\/2020\\\/10\\\/25\\\/jardin-a-lancienne\\\/#primaryimage\"},\"image\":{\"@id\":\"https:\\\/\\\/lesptitescroixdemagalie.fr\\\/index.php\\\/2020\\\/10\\\/25\\\/jardin-a-lancienne\\\/#primaryimage\"},\"thumbnailUrl\":\"https:\\\/\\\/lesptitescroixdemagalie.fr\\\/wp-content\\\/uploads\\\/2020\\\/07\\\/img20200705_10345693_page-0001-01-e1624228045712.jpeg\",\"datePublished\":\"2020-10-25T18:17:51+00:00\",\"dateModified\":\"2022-06-06T15:58:54+00:00\",\"description\":\"Au d\u00e9but, j\u2019ai juste trouv\u00e9 ce mod\u00e8le super joli, tr\u00e8s int\u00e9ressant, tr\u00e8s fin et tr\u00e8s technique. Il m\u2019a tout de suite attir\u00e9 et, bizarrement, j\u2019ai trouv\u00e9 le cadre avant m\u00eame de commencer \u00e0 broder\u00a0! \u2026 Venez d\u00e9couvrir l'histoire de ce jardin \u00e0 l'ancienne au point de croix sur le blog Les p'tites croix de Magalie, blog sur l'apprentissage de la broderie au point de croix.\",\"breadcrumb\":{\"@id\":\"https:\\\/\\\/lesptitescroixdemagalie.fr\\\/index.php\\\/2020\\\/10\\\/25\\\/jardin-a-lancienne\\\/#breadcrumb\"},\"inLanguage\":\"fr-FR\",\"potentialAction\":[{\"@type\":\"ReadAction\",\"target\":[\"https:\\\/\\\/lesptitescroixdemagalie.fr\\\/index.php\\\/2020\\\/10\\\/25\\\/jardin-a-lancienne\\\/\"]}]},{\"@type\":\"ImageObject\",\"inLanguage\":\"fr-FR\",\"@id\":\"https:\\\/\\\/lesptitescroixdemagalie.fr\\\/index.php\\\/2020\\\/10\\\/25\\\/jardin-a-lancienne\\\/#primaryimage\",\"url\":\"https:\\\/\\\/lesptitescroixdemagalie.fr\\\/wp-content\\\/uploads\\\/2020\\\/07\\\/img20200705_10345693_page-0001-01-e1624228045712.jpeg\",\"contentUrl\":\"https:\\\/\\\/lesptitescroixdemagalie.fr\\\/wp-content\\\/uploads\\\/2020\\\/07\\\/img20200705_10345693_page-0001-01-e1624228045712.jpeg\",\"width\":300,\"height\":213,\"caption\":\"jardin \u00e0 l'ancienne\"},{\"@type\":\"BreadcrumbList\",\"@id\":\"https:\\\/\\\/lesptitescroixdemagalie.fr\\\/index.php\\\/2020\\\/10\\\/25\\\/jardin-a-lancienne\\\/#breadcrumb\",\"itemListElement\":[{\"@type\":\"ListItem\",\"position\":1,\"name\":\"Accueil\",\"item\":\"https:\\\/\\\/lesptitescroixdemagalie.fr\\\/\"},{\"@type\":\"ListItem\",\"position\":2,\"name\":\"Jardin \u00e0 l&rsquo;ancienne\"}]},{\"@type\":\"WebSite\",\"@id\":\"https:\\\/\\\/lesptitescroixdemagalie.fr\\\/#website\",\"url\":\"https:\\\/\\\/lesptitescroixdemagalie.fr\\\/\",\"name\":\"Les p\u2018tites croix de Magalie par Magalie Vincendon\",\"description\":\"Point de croix, D\u00e9tente, Partage &amp; Bien-Etre\",\"publisher\":{\"@id\":\"https:\\\/\\\/lesptitescroixdemagalie.fr\\\/#organization\"},\"potentialAction\":[{\"@type\":\"SearchAction\",\"target\":{\"@type\":\"EntryPoint\",\"urlTemplate\":\"https:\\\/\\\/lesptitescroixdemagalie.fr\\\/?s={search_term_string}\"},\"query-input\":{\"@type\":\"PropertyValueSpecification\",\"valueRequired\":true,\"valueName\":\"search_term_string\"}}],\"inLanguage\":\"fr-FR\"},{\"@type\":\"Organization\",\"@id\":\"https:\\\/\\\/lesptitescroixdemagalie.fr\\\/#organization\",\"name\":\"Les p'tites croix de Magalie\",\"url\":\"https:\\\/\\\/lesptitescroixdemagalie.fr\\\/\",\"logo\":{\"@type\":\"ImageObject\",\"inLanguage\":\"fr-FR\",\"@id\":\"https:\\\/\\\/lesptitescroixdemagalie.fr\\\/#\\\/schema\\\/logo\\\/image\\\/\",\"url\":\"https:\\\/\\\/lesptitescroixdemagalie.fr\\\/wp-content\\\/uploads\\\/2022\\\/07\\\/Logo-noir-fond-blanc.png\",\"contentUrl\":\"https:\\\/\\\/lesptitescroixdemagalie.fr\\\/wp-content\\\/uploads\\\/2022\\\/07\\\/Logo-noir-fond-blanc.png\",\"width\":280,\"height\":350,\"caption\":\"Les p'tites croix de Magalie\"},\"image\":{\"@id\":\"https:\\\/\\\/lesptitescroixdemagalie.fr\\\/#\\\/schema\\\/logo\\\/image\\\/\"}},{\"@type\":\"Person\",\"@id\":\"https:\\\/\\\/lesptitescroixdemagalie.fr\\\/#\\\/schema\\\/person\\\/f139e87a4747b6f22763ca6a9e5f03d1\",\"name\":\"Magalie\",\"image\":{\"@type\":\"ImageObject\",\"inLanguage\":\"fr-FR\",\"@id\":\"https:\\\/\\\/secure.gravatar.com\\\/avatar\\\/2bdc3ffed3c31f28c412a7f0b0daa5cda38bcb7850b7166eaa9857f671d1d915?s=96&d=mm&r=g\",\"url\":\"https:\\\/\\\/secure.gravatar.com\\\/avatar\\\/2bdc3ffed3c31f28c412a7f0b0daa5cda38bcb7850b7166eaa9857f671d1d915?s=96&d=mm&r=g\",\"contentUrl\":\"https:\\\/\\\/secure.gravatar.com\\\/avatar\\\/2bdc3ffed3c31f28c412a7f0b0daa5cda38bcb7850b7166eaa9857f671d1d915?s=96&d=mm&r=g\",\"caption\":\"Magalie\"}}]}<\/script>\n<!-- \/ Yoast SEO plugin. -->","yoast_head_json":{"title":"Jardin \u00e0 l'ancienne - Les p\u2018tites croix de Magalie par Magalie Vincendon","description":"Au d\u00e9but, j\u2019ai juste trouv\u00e9 ce mod\u00e8le super joli, tr\u00e8s int\u00e9ressant, tr\u00e8s fin et tr\u00e8s technique. Il m\u2019a tout de suite attir\u00e9 et, bizarrement, j\u2019ai trouv\u00e9 le cadre avant m\u00eame de commencer \u00e0 broder\u00a0! \u2026 Venez d\u00e9couvrir l'histoire de ce jardin \u00e0 l'ancienne au point de croix sur le blog Les p'tites croix de Magalie, blog sur l'apprentissage de la broderie au point de croix.","robots":{"index":"index","follow":"follow","max-snippet":"max-snippet:-1","max-image-preview":"max-image-preview:large","max-video-preview":"max-video-preview:-1"},"canonical":"https:\/\/lesptitescroixdemagalie.fr\/index.php\/2020\/10\/25\/jardin-a-lancienne\/","og_locale":"fr_FR","og_type":"article","og_title":"Jardin \u00e0 l'ancienne - Les p\u2018tites croix de Magalie par Magalie Vincendon","og_description":"Au d\u00e9but, j\u2019ai juste trouv\u00e9 ce mod\u00e8le super joli, tr\u00e8s int\u00e9ressant, tr\u00e8s fin et tr\u00e8s technique. Il m\u2019a tout de suite attir\u00e9 et, bizarrement, j\u2019ai trouv\u00e9 le cadre avant m\u00eame de commencer \u00e0 broder\u00a0! \u2026 Venez d\u00e9couvrir l'histoire de ce jardin \u00e0 l'ancienne au point de croix sur le blog Les p'tites croix de Magalie, blog sur l'apprentissage de la broderie au point de croix.","og_url":"https:\/\/lesptitescroixdemagalie.fr\/index.php\/2020\/10\/25\/jardin-a-lancienne\/","og_site_name":"Les p\u2018tites croix de Magalie par Magalie Vincendon","article_published_time":"2020-10-25T18:17:51+00:00","article_modified_time":"2022-06-06T15:58:54+00:00","og_image":[{"width":300,"height":213,"url":"https:\/\/lesptitescroixdemagalie.fr\/wp-content\/uploads\/2020\/07\/img20200705_10345693_page-0001-01-e1624228045712.jpeg","type":"image\/jpeg"}],"author":"Magalie","twitter_card":"summary_large_image","twitter_misc":{"\u00c9crit par":"Magalie","Dur\u00e9e de lecture estim\u00e9e":"2 minutes"},"schema":{"@context":"https:\/\/schema.org","@graph":[{"@type":"Article","@id":"https:\/\/lesptitescroixdemagalie.fr\/index.php\/2020\/10\/25\/jardin-a-lancienne\/#article","isPartOf":{"@id":"https:\/\/lesptitescroixdemagalie.fr\/index.php\/2020\/10\/25\/jardin-a-lancienne\/"},"author":{"name":"Magalie","@id":"https:\/\/lesptitescroixdemagalie.fr\/#\/schema\/person\/f139e87a4747b6f22763ca6a9e5f03d1"},"headline":"Jardin \u00e0 l&rsquo;ancienne","datePublished":"2020-10-25T18:17:51+00:00","dateModified":"2022-06-06T15:58:54+00:00","mainEntityOfPage":{"@id":"https:\/\/lesptitescroixdemagalie.fr\/index.php\/2020\/10\/25\/jardin-a-lancienne\/"},"wordCount":346,"commentCount":4,"publisher":{"@id":"https:\/\/lesptitescroixdemagalie.fr\/#organization"},"image":{"@id":"https:\/\/lesptitescroixdemagalie.fr\/index.php\/2020\/10\/25\/jardin-a-lancienne\/#primaryimage"},"thumbnailUrl":"https:\/\/lesptitescroixdemagalie.fr\/wp-content\/uploads\/2020\/07\/img20200705_10345693_page-0001-01-e1624228045712.jpeg","keywords":["article","mod\u00e8le","point de croix"],"articleSection":["Archives du blog","Blog","Galerie du blog"],"inLanguage":"fr-FR","potentialAction":[{"@type":"CommentAction","name":"Comment","target":["https:\/\/lesptitescroixdemagalie.fr\/index.php\/2020\/10\/25\/jardin-a-lancienne\/#respond"]}]},{"@type":"WebPage","@id":"https:\/\/lesptitescroixdemagalie.fr\/index.php\/2020\/10\/25\/jardin-a-lancienne\/","url":"https:\/\/lesptitescroixdemagalie.fr\/index.php\/2020\/10\/25\/jardin-a-lancienne\/","name":"Jardin \u00e0 l'ancienne - Les p\u2018tites croix de Magalie par Magalie Vincendon","isPartOf":{"@id":"https:\/\/lesptitescroixdemagalie.fr\/#website"},"primaryImageOfPage":{"@id":"https:\/\/lesptitescroixdemagalie.fr\/index.php\/2020\/10\/25\/jardin-a-lancienne\/#primaryimage"},"image":{"@id":"https:\/\/lesptitescroixdemagalie.fr\/index.php\/2020\/10\/25\/jardin-a-lancienne\/#primaryimage"},"thumbnailUrl":"https:\/\/lesptitescroixdemagalie.fr\/wp-content\/uploads\/2020\/07\/img20200705_10345693_page-0001-01-e1624228045712.jpeg","datePublished":"2020-10-25T18:17:51+00:00","dateModified":"2022-06-06T15:58:54+00:00","description":"Au d\u00e9but, j\u2019ai juste trouv\u00e9 ce mod\u00e8le super joli, tr\u00e8s int\u00e9ressant, tr\u00e8s fin et tr\u00e8s technique. Il m\u2019a tout de suite attir\u00e9 et, bizarrement, j\u2019ai trouv\u00e9 le cadre avant m\u00eame de commencer \u00e0 broder\u00a0! \u2026 Venez d\u00e9couvrir l'histoire de ce jardin \u00e0 l'ancienne au point de croix sur le blog Les p'tites croix de Magalie, blog sur l'apprentissage de la broderie au point de croix.","breadcrumb":{"@id":"https:\/\/lesptitescroixdemagalie.fr\/index.php\/2020\/10\/25\/jardin-a-lancienne\/#breadcrumb"},"inLanguage":"fr-FR","potentialAction":[{"@type":"ReadAction","target":["https:\/\/lesptitescroixdemagalie.fr\/index.php\/2020\/10\/25\/jardin-a-lancienne\/"]}]},{"@type":"ImageObject","inLanguage":"fr-FR","@id":"https:\/\/lesptitescroixdemagalie.fr\/index.php\/2020\/10\/25\/jardin-a-lancienne\/#primaryimage","url":"https:\/\/lesptitescroixdemagalie.fr\/wp-content\/uploads\/2020\/07\/img20200705_10345693_page-0001-01-e1624228045712.jpeg","contentUrl":"https:\/\/lesptitescroixdemagalie.fr\/wp-content\/uploads\/2020\/07\/img20200705_10345693_page-0001-01-e1624228045712.jpeg","width":300,"height":213,"caption":"jardin \u00e0 l'ancienne"},{"@type":"BreadcrumbList","@id":"https:\/\/lesptitescroixdemagalie.fr\/index.php\/2020\/10\/25\/jardin-a-lancienne\/#breadcrumb","itemListElement":[{"@type":"ListItem","position":1,"name":"Accueil","item":"https:\/\/lesptitescroixdemagalie.fr\/"},{"@type":"ListItem","position":2,"name":"Jardin \u00e0 l&rsquo;ancienne"}]},{"@type":"WebSite","@id":"https:\/\/lesptitescroixdemagalie.fr\/#website","url":"https:\/\/lesptitescroixdemagalie.fr\/","name":"Les p\u2018tites croix de Magalie par Magalie Vincendon","description":"Point de croix, D\u00e9tente, Partage &amp; Bien-Etre","publisher":{"@id":"https:\/\/lesptitescroixdemagalie.fr\/#organization"},"potentialAction":[{"@type":"SearchAction","target":{"@type":"EntryPoint","urlTemplate":"https:\/\/lesptitescroixdemagalie.fr\/?s={search_term_string}"},"query-input":{"@type":"PropertyValueSpecification","valueRequired":true,"valueName":"search_term_string"}}],"inLanguage":"fr-FR"},{"@type":"Organization","@id":"https:\/\/lesptitescroixdemagalie.fr\/#organization","name":"Les p'tites croix de Magalie","url":"https:\/\/lesptitescroixdemagalie.fr\/","logo":{"@type":"ImageObject","inLanguage":"fr-FR","@id":"https:\/\/lesptitescroixdemagalie.fr\/#\/schema\/logo\/image\/","url":"https:\/\/lesptitescroixdemagalie.fr\/wp-content\/uploads\/2022\/07\/Logo-noir-fond-blanc.png","contentUrl":"https:\/\/lesptitescroixdemagalie.fr\/wp-content\/uploads\/2022\/07\/Logo-noir-fond-blanc.png","width":280,"height":350,"caption":"Les p'tites croix de Magalie"},"image":{"@id":"https:\/\/lesptitescroixdemagalie.fr\/#\/schema\/logo\/image\/"}},{"@type":"Person","@id":"https:\/\/lesptitescroixdemagalie.fr\/#\/schema\/person\/f139e87a4747b6f22763ca6a9e5f03d1","name":"Magalie","image":{"@type":"ImageObject","inLanguage":"fr-FR","@id":"https:\/\/secure.gravatar.com\/avatar\/2bdc3ffed3c31f28c412a7f0b0daa5cda38bcb7850b7166eaa9857f671d1d915?s=96&d=mm&r=g","url":"https:\/\/secure.gravatar.com\/avatar\/2bdc3ffed3c31f28c412a7f0b0daa5cda38bcb7850b7166eaa9857f671d1d915?s=96&d=mm&r=g","contentUrl":"https:\/\/secure.gravatar.com\/avatar\/2bdc3ffed3c31f28c412a7f0b0daa5cda38bcb7850b7166eaa9857f671d1d915?s=96&d=mm&r=g","caption":"Magalie"}}]}},"_links":{"self":[{"href":"https:\/\/lesptitescroixdemagalie.fr\/index.php\/wp-json\/wp\/v2\/posts\/2691","targetHints":{"allow":["GET"]}}],"collection":[{"href":"https:\/\/lesptitescroixdemagalie.fr\/index.php\/wp-json\/wp\/v2\/posts"}],"about":[{"href":"https:\/\/lesptitescroixdemagalie.fr\/index.php\/wp-json\/wp\/v2\/types\/post"}],"author":[{"embeddable":true,"href":"https:\/\/lesptitescroixdemagalie.fr\/index.php\/wp-json\/wp\/v2\/users\/1"}],"replies":[{"embeddable":true,"href":"https:\/\/lesptitescroixdemagalie.fr\/index.php\/wp-json\/wp\/v2\/comments?post=2691"}],"version-history":[{"count":9,"href":"https:\/\/lesptitescroixdemagalie.fr\/index.php\/wp-json\/wp\/v2\/posts\/2691\/revisions"}],"predecessor-version":[{"id":3897,"href":"https:\/\/lesptitescroixdemagalie.fr\/index.php\/wp-json\/wp\/v2\/posts\/2691\/revisions\/3897"}],"wp:featuredmedia":[{"embeddable":true,"href":"https:\/\/lesptitescroixdemagalie.fr\/index.php\/wp-json\/wp\/v2\/media\/2329"}],"wp:attachment":[{"href":"https:\/\/lesptitescroixdemagalie.fr\/index.php\/wp-json\/wp\/v2\/media?parent=2691"}],"wp:term":[{"taxonomy":"category","embeddable":true,"href":"https:\/\/lesptitescroixdemagalie.fr\/index.php\/wp-json\/wp\/v2\/categories?post=2691"},{"taxonomy":"post_tag","embeddable":true,"href":"https:\/\/lesptitescroixdemagalie.fr\/index.php\/wp-json\/wp\/v2\/tags?post=2691"}],"curies":[{"name":"wp","href":"https:\/\/api.w.org\/{rel}","templated":true}]}}