{"id":2608,"date":"2020-09-13T12:06:49","date_gmt":"2020-09-13T10:06:49","guid":{"rendered":"https:\/\/lesptitescroixdemagalie.fr\/?p=2608"},"modified":"2021-11-07T12:47:27","modified_gmt":"2021-11-07T11:47:27","slug":"couverture-ange-sur-nuage","status":"publish","type":"post","link":"https:\/\/lesptitescroixdemagalie.fr\/index.php\/2020\/09\/13\/couverture-ange-sur-nuage\/","title":{"rendered":"Couverture ange sur nuage"},"content":{"rendered":"\n<div class=\"wp-block-image\"><figure class=\"aligncenter size-full is-resized\"><img fetchpriority=\"high\" decoding=\"async\" src=\"https:\/\/lesptitescroixdemagalie.fr\/wp-content\/uploads\/2020\/07\/img20200705_10332721_page-0001-01.jpeg\" alt=\"Couverture ange sur nuage\" class=\"wp-image-2328\" width=\"660\" height=\"369\"\/><\/figure><\/div>\n\n\n\n<p><br><\/p>\n\n\n\n<p class=\"has-normal-font-size\">Tiens&nbsp;! Encore une naissance, ma petite-cousine cette fois.<br><br>J\u2019ai trouv\u00e9 ce mod\u00e8le dans un magazine de point de croix, il me semble que c\u2019\u00e9tait \u00ab&nbsp;De fil en aiguille&nbsp;\u00bb. Ce magazine n\u2019existe plus mais les cr\u00e9atrices ont une petite boutique vintage dans Paris \u00e0 voir absolument ! (\u00ab&nbsp;Les Brodeuses Parisiennes&nbsp;\u00bb dans mon <a href=\"https:\/\/lesptitescroixdemagalie.fr\/index.php\/carnet-d-adresses\/\">Carnet d\u2019adresse<\/a>).<br><br>Le motif \u00e0 taille r\u00e9elle \u00e9tait destin\u00e9 \u00e0 un nid d\u2019ange (13,9 cm x 22,8 cm), mais je me suis dit \u00ab&nbsp;tiens, et pourquoi pas une couverture&nbsp;?&nbsp;\u00bb Et voil\u00e0&nbsp;!<br><br>J\u2019y ai pris go\u00fbt, l\u2019alliance du point de croix et de la couture&nbsp;! Une image d\u00e9licate, a\u00e9rienne, toute cotonneuse\u2026<br><br>C\u00f4t\u00e9 technique, le plus int\u00e9ressant vous l\u2019aurez devin\u00e9, fut de passer d\u2019un motif de 13 cm x 22 cm \u00e0 un motif de 30 ou 40 cm. L\u2019agrandissement du dessin sans perdre en proportion ou d\u00e9former le motif. Et voil\u00e0 le r\u00e9sultat, ma technique&nbsp;: 1 = 4 soit 4 points pour 1.<br><br>J\u2019ai utilis\u00e9 de la toile A\u00efda, du polaire blanc pour la doublure et un ruban orang\u00e9 en satin pour la bordure, la seule difficult\u00e9, trouver la bonne teinte orang\u00e9e.<\/p>\n\n\n\n<ul class=\"wp-block-list\"><li>M\u00e9thode d\u2019agrandissement&nbsp;: 1 point = 4 points<\/li><li>Temps moyen de r\u00e9alisation&nbsp;: 10 h<\/li><li>Points utilis\u00e9s&nbsp;: point de croix<\/li><li>Nombre de couleur&nbsp;: 4<\/li><li>Fournitures&nbsp;: toile A\u00efda 5,5, toile polaire, satin orange, aiguille, fils coton moulin\u00e9<\/li><\/ul>\n\n\n\n<p class=\"has-normal-font-size\"><br>Vous avez aim\u00e9\u2026 ou pas&nbsp;!<br>Laisser vos commentaires, vos impressions, un petit c\u0153ur, je vous r\u00e9pondrai avec plaisir !<br><br>@ tr\u00e8s vite&nbsp;!<\/p>\n","protected":false},"excerpt":{"rendered":"<p>Tiens&nbsp;! Encore une naissance, ma petite-cousine cette fois. J\u2019ai trouv\u00e9 ce mod\u00e8le dans un magazine de&hellip;<\/p>\n","protected":false},"author":1,"featured_media":2328,"comment_status":"open","ping_status":"open","sticky":false,"template":"","format":"standard","meta":{"inline_featured_image":false,"_monsterinsights_skip_tracking":false,"_monsterinsights_sitenote_active":false,"_monsterinsights_sitenote_note":"","_monsterinsights_sitenote_category":0,"footnotes":""},"categories":[24,31,28],"tags":[35,36,39],"class_list":["post-2608","post","type-post","status-publish","format-standard","has-post-thumbnail","hentry","category-archives-du-blog","category-blog","category-galerie-du-blog","tag-article","tag-creation","tag-point-de-croix"],"yoast_head":"<!-- This site is optimized with the Yoast SEO plugin v27.5 - https:\/\/yoast.com\/product\/yoast-seo-wordpress\/ -->\n<title>Couverture ange sur nuage - Les p\u2018tites croix de Magalie par Magalie Vincendon<\/title>\n<meta name=\"description\" content=\"Tiens\u00a0! Encore une naissance, ma petite-cousine cette fois. J\u2019ai trouv\u00e9 ce mod\u00e8le dans un magazine de point de croix, il me semble que c\u2019\u00e9tait \u00ab\u00a0De fil en aiguille\u00a0\u00bb... Venez d\u00e9couvrir la suite de l&#039;histoire de cette couverture au point de croix sur le blog Les p&#039;tites croix de Magalie, blog sur l&#039;apprentissage de la broderie au point de croix.\" \/>\n<meta name=\"robots\" content=\"index, follow, max-snippet:-1, max-image-preview:large, max-video-preview:-1\" \/>\n<link rel=\"canonical\" href=\"https:\/\/lesptitescroixdemagalie.fr\/index.php\/2020\/09\/13\/couverture-ange-sur-nuage\/\" \/>\n<meta property=\"og:locale\" content=\"fr_FR\" \/>\n<meta property=\"og:type\" content=\"article\" \/>\n<meta property=\"og:title\" content=\"Couverture ange sur nuage - Les p\u2018tites croix de Magalie par Magalie Vincendon\" \/>\n<meta property=\"og:description\" content=\"Tiens\u00a0! Encore une naissance, ma petite-cousine cette fois. J\u2019ai trouv\u00e9 ce mod\u00e8le dans un magazine de point de croix, il me semble que c\u2019\u00e9tait \u00ab\u00a0De fil en aiguille\u00a0\u00bb... Venez d\u00e9couvrir la suite de l&#039;histoire de cette couverture au point de croix sur le blog Les p&#039;tites croix de Magalie, blog sur l&#039;apprentissage de la broderie au point de croix.\" \/>\n<meta property=\"og:url\" content=\"https:\/\/lesptitescroixdemagalie.fr\/index.php\/2020\/09\/13\/couverture-ange-sur-nuage\/\" \/>\n<meta property=\"og:site_name\" content=\"Les p\u2018tites croix de Magalie par Magalie Vincendon\" \/>\n<meta property=\"article:published_time\" content=\"2020-09-13T10:06:49+00:00\" \/>\n<meta property=\"article:modified_time\" content=\"2021-11-07T11:47:27+00:00\" \/>\n<meta property=\"og:image\" content=\"https:\/\/lesptitescroixdemagalie.fr\/wp-content\/uploads\/2020\/07\/img20200705_10332721_page-0001-01-e1624226577959.jpeg\" \/>\n\t<meta property=\"og:image:width\" content=\"100\" \/>\n\t<meta property=\"og:image:height\" content=\"56\" \/>\n\t<meta property=\"og:image:type\" content=\"image\/jpeg\" \/>\n<meta name=\"author\" content=\"Magalie\" \/>\n<meta name=\"twitter:card\" content=\"summary_large_image\" \/>\n<meta name=\"twitter:label1\" content=\"\u00c9crit par\" \/>\n\t<meta name=\"twitter:data1\" content=\"Magalie\" \/>\n\t<meta name=\"twitter:label2\" content=\"Dur\u00e9e de lecture estim\u00e9e\" \/>\n\t<meta name=\"twitter:data2\" content=\"2 minutes\" \/>\n<script type=\"application\/ld+json\" class=\"yoast-schema-graph\">{\"@context\":\"https:\\\/\\\/schema.org\",\"@graph\":[{\"@type\":\"Article\",\"@id\":\"https:\\\/\\\/lesptitescroixdemagalie.fr\\\/index.php\\\/2020\\\/09\\\/13\\\/couverture-ange-sur-nuage\\\/#article\",\"isPartOf\":{\"@id\":\"https:\\\/\\\/lesptitescroixdemagalie.fr\\\/index.php\\\/2020\\\/09\\\/13\\\/couverture-ange-sur-nuage\\\/\"},\"author\":{\"name\":\"Magalie\",\"@id\":\"https:\\\/\\\/lesptitescroixdemagalie.fr\\\/#\\\/schema\\\/person\\\/f139e87a4747b6f22763ca6a9e5f03d1\"},\"headline\":\"Couverture ange sur nuage\",\"datePublished\":\"2020-09-13T10:06:49+00:00\",\"dateModified\":\"2021-11-07T11:47:27+00:00\",\"mainEntityOfPage\":{\"@id\":\"https:\\\/\\\/lesptitescroixdemagalie.fr\\\/index.php\\\/2020\\\/09\\\/13\\\/couverture-ange-sur-nuage\\\/\"},\"wordCount\":267,\"commentCount\":0,\"publisher\":{\"@id\":\"https:\\\/\\\/lesptitescroixdemagalie.fr\\\/#organization\"},\"image\":{\"@id\":\"https:\\\/\\\/lesptitescroixdemagalie.fr\\\/index.php\\\/2020\\\/09\\\/13\\\/couverture-ange-sur-nuage\\\/#primaryimage\"},\"thumbnailUrl\":\"https:\\\/\\\/lesptitescroixdemagalie.fr\\\/wp-content\\\/uploads\\\/2020\\\/07\\\/img20200705_10332721_page-0001-01-e1624226577959.jpeg\",\"keywords\":[\"article\",\"cr\u00e9ation\",\"point de croix\"],\"articleSection\":[\"Archives du blog\",\"Blog\",\"Galerie du blog\"],\"inLanguage\":\"fr-FR\",\"potentialAction\":[{\"@type\":\"CommentAction\",\"name\":\"Comment\",\"target\":[\"https:\\\/\\\/lesptitescroixdemagalie.fr\\\/index.php\\\/2020\\\/09\\\/13\\\/couverture-ange-sur-nuage\\\/#respond\"]}]},{\"@type\":\"WebPage\",\"@id\":\"https:\\\/\\\/lesptitescroixdemagalie.fr\\\/index.php\\\/2020\\\/09\\\/13\\\/couverture-ange-sur-nuage\\\/\",\"url\":\"https:\\\/\\\/lesptitescroixdemagalie.fr\\\/index.php\\\/2020\\\/09\\\/13\\\/couverture-ange-sur-nuage\\\/\",\"name\":\"Couverture ange sur nuage - Les p\u2018tites croix de Magalie par Magalie Vincendon\",\"isPartOf\":{\"@id\":\"https:\\\/\\\/lesptitescroixdemagalie.fr\\\/#website\"},\"primaryImageOfPage\":{\"@id\":\"https:\\\/\\\/lesptitescroixdemagalie.fr\\\/index.php\\\/2020\\\/09\\\/13\\\/couverture-ange-sur-nuage\\\/#primaryimage\"},\"image\":{\"@id\":\"https:\\\/\\\/lesptitescroixdemagalie.fr\\\/index.php\\\/2020\\\/09\\\/13\\\/couverture-ange-sur-nuage\\\/#primaryimage\"},\"thumbnailUrl\":\"https:\\\/\\\/lesptitescroixdemagalie.fr\\\/wp-content\\\/uploads\\\/2020\\\/07\\\/img20200705_10332721_page-0001-01-e1624226577959.jpeg\",\"datePublished\":\"2020-09-13T10:06:49+00:00\",\"dateModified\":\"2021-11-07T11:47:27+00:00\",\"description\":\"Tiens\u00a0! Encore une naissance, ma petite-cousine cette fois. J\u2019ai trouv\u00e9 ce mod\u00e8le dans un magazine de point de croix, il me semble que c\u2019\u00e9tait \u00ab\u00a0De fil en aiguille\u00a0\u00bb... Venez d\u00e9couvrir la suite de l'histoire de cette couverture au point de croix sur le blog Les p'tites croix de Magalie, blog sur l'apprentissage de la broderie au point de croix.\",\"breadcrumb\":{\"@id\":\"https:\\\/\\\/lesptitescroixdemagalie.fr\\\/index.php\\\/2020\\\/09\\\/13\\\/couverture-ange-sur-nuage\\\/#breadcrumb\"},\"inLanguage\":\"fr-FR\",\"potentialAction\":[{\"@type\":\"ReadAction\",\"target\":[\"https:\\\/\\\/lesptitescroixdemagalie.fr\\\/index.php\\\/2020\\\/09\\\/13\\\/couverture-ange-sur-nuage\\\/\"]}]},{\"@type\":\"ImageObject\",\"inLanguage\":\"fr-FR\",\"@id\":\"https:\\\/\\\/lesptitescroixdemagalie.fr\\\/index.php\\\/2020\\\/09\\\/13\\\/couverture-ange-sur-nuage\\\/#primaryimage\",\"url\":\"https:\\\/\\\/lesptitescroixdemagalie.fr\\\/wp-content\\\/uploads\\\/2020\\\/07\\\/img20200705_10332721_page-0001-01-e1624226577959.jpeg\",\"contentUrl\":\"https:\\\/\\\/lesptitescroixdemagalie.fr\\\/wp-content\\\/uploads\\\/2020\\\/07\\\/img20200705_10332721_page-0001-01-e1624226577959.jpeg\",\"width\":100,\"height\":56,\"caption\":\"Couverture ange sur nuage\"},{\"@type\":\"BreadcrumbList\",\"@id\":\"https:\\\/\\\/lesptitescroixdemagalie.fr\\\/index.php\\\/2020\\\/09\\\/13\\\/couverture-ange-sur-nuage\\\/#breadcrumb\",\"itemListElement\":[{\"@type\":\"ListItem\",\"position\":1,\"name\":\"Accueil\",\"item\":\"https:\\\/\\\/lesptitescroixdemagalie.fr\\\/\"},{\"@type\":\"ListItem\",\"position\":2,\"name\":\"Couverture ange sur nuage\"}]},{\"@type\":\"WebSite\",\"@id\":\"https:\\\/\\\/lesptitescroixdemagalie.fr\\\/#website\",\"url\":\"https:\\\/\\\/lesptitescroixdemagalie.fr\\\/\",\"name\":\"Les p\u2018tites croix de Magalie par Magalie Vincendon\",\"description\":\"Point de croix, D\u00e9tente, Partage &amp; Bien-Etre\",\"publisher\":{\"@id\":\"https:\\\/\\\/lesptitescroixdemagalie.fr\\\/#organization\"},\"potentialAction\":[{\"@type\":\"SearchAction\",\"target\":{\"@type\":\"EntryPoint\",\"urlTemplate\":\"https:\\\/\\\/lesptitescroixdemagalie.fr\\\/?s={search_term_string}\"},\"query-input\":{\"@type\":\"PropertyValueSpecification\",\"valueRequired\":true,\"valueName\":\"search_term_string\"}}],\"inLanguage\":\"fr-FR\"},{\"@type\":\"Organization\",\"@id\":\"https:\\\/\\\/lesptitescroixdemagalie.fr\\\/#organization\",\"name\":\"Les p'tites croix de Magalie\",\"url\":\"https:\\\/\\\/lesptitescroixdemagalie.fr\\\/\",\"logo\":{\"@type\":\"ImageObject\",\"inLanguage\":\"fr-FR\",\"@id\":\"https:\\\/\\\/lesptitescroixdemagalie.fr\\\/#\\\/schema\\\/logo\\\/image\\\/\",\"url\":\"https:\\\/\\\/lesptitescroixdemagalie.fr\\\/wp-content\\\/uploads\\\/2022\\\/07\\\/Logo-noir-fond-blanc.png\",\"contentUrl\":\"https:\\\/\\\/lesptitescroixdemagalie.fr\\\/wp-content\\\/uploads\\\/2022\\\/07\\\/Logo-noir-fond-blanc.png\",\"width\":280,\"height\":350,\"caption\":\"Les p'tites croix de Magalie\"},\"image\":{\"@id\":\"https:\\\/\\\/lesptitescroixdemagalie.fr\\\/#\\\/schema\\\/logo\\\/image\\\/\"}},{\"@type\":\"Person\",\"@id\":\"https:\\\/\\\/lesptitescroixdemagalie.fr\\\/#\\\/schema\\\/person\\\/f139e87a4747b6f22763ca6a9e5f03d1\",\"name\":\"Magalie\",\"image\":{\"@type\":\"ImageObject\",\"inLanguage\":\"fr-FR\",\"@id\":\"https:\\\/\\\/secure.gravatar.com\\\/avatar\\\/2bdc3ffed3c31f28c412a7f0b0daa5cda38bcb7850b7166eaa9857f671d1d915?s=96&d=mm&r=g\",\"url\":\"https:\\\/\\\/secure.gravatar.com\\\/avatar\\\/2bdc3ffed3c31f28c412a7f0b0daa5cda38bcb7850b7166eaa9857f671d1d915?s=96&d=mm&r=g\",\"contentUrl\":\"https:\\\/\\\/secure.gravatar.com\\\/avatar\\\/2bdc3ffed3c31f28c412a7f0b0daa5cda38bcb7850b7166eaa9857f671d1d915?s=96&d=mm&r=g\",\"caption\":\"Magalie\"}}]}<\/script>\n<!-- \/ Yoast SEO plugin. -->","yoast_head_json":{"title":"Couverture ange sur nuage - Les p\u2018tites croix de Magalie par Magalie Vincendon","description":"Tiens\u00a0! Encore une naissance, ma petite-cousine cette fois. J\u2019ai trouv\u00e9 ce mod\u00e8le dans un magazine de point de croix, il me semble que c\u2019\u00e9tait \u00ab\u00a0De fil en aiguille\u00a0\u00bb... Venez d\u00e9couvrir la suite de l'histoire de cette couverture au point de croix sur le blog Les p'tites croix de Magalie, blog sur l'apprentissage de la broderie au point de croix.","robots":{"index":"index","follow":"follow","max-snippet":"max-snippet:-1","max-image-preview":"max-image-preview:large","max-video-preview":"max-video-preview:-1"},"canonical":"https:\/\/lesptitescroixdemagalie.fr\/index.php\/2020\/09\/13\/couverture-ange-sur-nuage\/","og_locale":"fr_FR","og_type":"article","og_title":"Couverture ange sur nuage - Les p\u2018tites croix de Magalie par Magalie Vincendon","og_description":"Tiens\u00a0! Encore une naissance, ma petite-cousine cette fois. J\u2019ai trouv\u00e9 ce mod\u00e8le dans un magazine de point de croix, il me semble que c\u2019\u00e9tait \u00ab\u00a0De fil en aiguille\u00a0\u00bb... Venez d\u00e9couvrir la suite de l'histoire de cette couverture au point de croix sur le blog Les p'tites croix de Magalie, blog sur l'apprentissage de la broderie au point de croix.","og_url":"https:\/\/lesptitescroixdemagalie.fr\/index.php\/2020\/09\/13\/couverture-ange-sur-nuage\/","og_site_name":"Les p\u2018tites croix de Magalie par Magalie Vincendon","article_published_time":"2020-09-13T10:06:49+00:00","article_modified_time":"2021-11-07T11:47:27+00:00","og_image":[{"width":100,"height":56,"url":"https:\/\/lesptitescroixdemagalie.fr\/wp-content\/uploads\/2020\/07\/img20200705_10332721_page-0001-01-e1624226577959.jpeg","type":"image\/jpeg"}],"author":"Magalie","twitter_card":"summary_large_image","twitter_misc":{"\u00c9crit par":"Magalie","Dur\u00e9e de lecture estim\u00e9e":"2 minutes"},"schema":{"@context":"https:\/\/schema.org","@graph":[{"@type":"Article","@id":"https:\/\/lesptitescroixdemagalie.fr\/index.php\/2020\/09\/13\/couverture-ange-sur-nuage\/#article","isPartOf":{"@id":"https:\/\/lesptitescroixdemagalie.fr\/index.php\/2020\/09\/13\/couverture-ange-sur-nuage\/"},"author":{"name":"Magalie","@id":"https:\/\/lesptitescroixdemagalie.fr\/#\/schema\/person\/f139e87a4747b6f22763ca6a9e5f03d1"},"headline":"Couverture ange sur nuage","datePublished":"2020-09-13T10:06:49+00:00","dateModified":"2021-11-07T11:47:27+00:00","mainEntityOfPage":{"@id":"https:\/\/lesptitescroixdemagalie.fr\/index.php\/2020\/09\/13\/couverture-ange-sur-nuage\/"},"wordCount":267,"commentCount":0,"publisher":{"@id":"https:\/\/lesptitescroixdemagalie.fr\/#organization"},"image":{"@id":"https:\/\/lesptitescroixdemagalie.fr\/index.php\/2020\/09\/13\/couverture-ange-sur-nuage\/#primaryimage"},"thumbnailUrl":"https:\/\/lesptitescroixdemagalie.fr\/wp-content\/uploads\/2020\/07\/img20200705_10332721_page-0001-01-e1624226577959.jpeg","keywords":["article","cr\u00e9ation","point de croix"],"articleSection":["Archives du blog","Blog","Galerie du blog"],"inLanguage":"fr-FR","potentialAction":[{"@type":"CommentAction","name":"Comment","target":["https:\/\/lesptitescroixdemagalie.fr\/index.php\/2020\/09\/13\/couverture-ange-sur-nuage\/#respond"]}]},{"@type":"WebPage","@id":"https:\/\/lesptitescroixdemagalie.fr\/index.php\/2020\/09\/13\/couverture-ange-sur-nuage\/","url":"https:\/\/lesptitescroixdemagalie.fr\/index.php\/2020\/09\/13\/couverture-ange-sur-nuage\/","name":"Couverture ange sur nuage - Les p\u2018tites croix de Magalie par Magalie Vincendon","isPartOf":{"@id":"https:\/\/lesptitescroixdemagalie.fr\/#website"},"primaryImageOfPage":{"@id":"https:\/\/lesptitescroixdemagalie.fr\/index.php\/2020\/09\/13\/couverture-ange-sur-nuage\/#primaryimage"},"image":{"@id":"https:\/\/lesptitescroixdemagalie.fr\/index.php\/2020\/09\/13\/couverture-ange-sur-nuage\/#primaryimage"},"thumbnailUrl":"https:\/\/lesptitescroixdemagalie.fr\/wp-content\/uploads\/2020\/07\/img20200705_10332721_page-0001-01-e1624226577959.jpeg","datePublished":"2020-09-13T10:06:49+00:00","dateModified":"2021-11-07T11:47:27+00:00","description":"Tiens\u00a0! Encore une naissance, ma petite-cousine cette fois. J\u2019ai trouv\u00e9 ce mod\u00e8le dans un magazine de point de croix, il me semble que c\u2019\u00e9tait \u00ab\u00a0De fil en aiguille\u00a0\u00bb... Venez d\u00e9couvrir la suite de l'histoire de cette couverture au point de croix sur le blog Les p'tites croix de Magalie, blog sur l'apprentissage de la broderie au point de croix.","breadcrumb":{"@id":"https:\/\/lesptitescroixdemagalie.fr\/index.php\/2020\/09\/13\/couverture-ange-sur-nuage\/#breadcrumb"},"inLanguage":"fr-FR","potentialAction":[{"@type":"ReadAction","target":["https:\/\/lesptitescroixdemagalie.fr\/index.php\/2020\/09\/13\/couverture-ange-sur-nuage\/"]}]},{"@type":"ImageObject","inLanguage":"fr-FR","@id":"https:\/\/lesptitescroixdemagalie.fr\/index.php\/2020\/09\/13\/couverture-ange-sur-nuage\/#primaryimage","url":"https:\/\/lesptitescroixdemagalie.fr\/wp-content\/uploads\/2020\/07\/img20200705_10332721_page-0001-01-e1624226577959.jpeg","contentUrl":"https:\/\/lesptitescroixdemagalie.fr\/wp-content\/uploads\/2020\/07\/img20200705_10332721_page-0001-01-e1624226577959.jpeg","width":100,"height":56,"caption":"Couverture ange sur nuage"},{"@type":"BreadcrumbList","@id":"https:\/\/lesptitescroixdemagalie.fr\/index.php\/2020\/09\/13\/couverture-ange-sur-nuage\/#breadcrumb","itemListElement":[{"@type":"ListItem","position":1,"name":"Accueil","item":"https:\/\/lesptitescroixdemagalie.fr\/"},{"@type":"ListItem","position":2,"name":"Couverture ange sur nuage"}]},{"@type":"WebSite","@id":"https:\/\/lesptitescroixdemagalie.fr\/#website","url":"https:\/\/lesptitescroixdemagalie.fr\/","name":"Les p\u2018tites croix de Magalie par Magalie Vincendon","description":"Point de croix, D\u00e9tente, Partage &amp; Bien-Etre","publisher":{"@id":"https:\/\/lesptitescroixdemagalie.fr\/#organization"},"potentialAction":[{"@type":"SearchAction","target":{"@type":"EntryPoint","urlTemplate":"https:\/\/lesptitescroixdemagalie.fr\/?s={search_term_string}"},"query-input":{"@type":"PropertyValueSpecification","valueRequired":true,"valueName":"search_term_string"}}],"inLanguage":"fr-FR"},{"@type":"Organization","@id":"https:\/\/lesptitescroixdemagalie.fr\/#organization","name":"Les p'tites croix de Magalie","url":"https:\/\/lesptitescroixdemagalie.fr\/","logo":{"@type":"ImageObject","inLanguage":"fr-FR","@id":"https:\/\/lesptitescroixdemagalie.fr\/#\/schema\/logo\/image\/","url":"https:\/\/lesptitescroixdemagalie.fr\/wp-content\/uploads\/2022\/07\/Logo-noir-fond-blanc.png","contentUrl":"https:\/\/lesptitescroixdemagalie.fr\/wp-content\/uploads\/2022\/07\/Logo-noir-fond-blanc.png","width":280,"height":350,"caption":"Les p'tites croix de Magalie"},"image":{"@id":"https:\/\/lesptitescroixdemagalie.fr\/#\/schema\/logo\/image\/"}},{"@type":"Person","@id":"https:\/\/lesptitescroixdemagalie.fr\/#\/schema\/person\/f139e87a4747b6f22763ca6a9e5f03d1","name":"Magalie","image":{"@type":"ImageObject","inLanguage":"fr-FR","@id":"https:\/\/secure.gravatar.com\/avatar\/2bdc3ffed3c31f28c412a7f0b0daa5cda38bcb7850b7166eaa9857f671d1d915?s=96&d=mm&r=g","url":"https:\/\/secure.gravatar.com\/avatar\/2bdc3ffed3c31f28c412a7f0b0daa5cda38bcb7850b7166eaa9857f671d1d915?s=96&d=mm&r=g","contentUrl":"https:\/\/secure.gravatar.com\/avatar\/2bdc3ffed3c31f28c412a7f0b0daa5cda38bcb7850b7166eaa9857f671d1d915?s=96&d=mm&r=g","caption":"Magalie"}}]}},"_links":{"self":[{"href":"https:\/\/lesptitescroixdemagalie.fr\/index.php\/wp-json\/wp\/v2\/posts\/2608","targetHints":{"allow":["GET"]}}],"collection":[{"href":"https:\/\/lesptitescroixdemagalie.fr\/index.php\/wp-json\/wp\/v2\/posts"}],"about":[{"href":"https:\/\/lesptitescroixdemagalie.fr\/index.php\/wp-json\/wp\/v2\/types\/post"}],"author":[{"embeddable":true,"href":"https:\/\/lesptitescroixdemagalie.fr\/index.php\/wp-json\/wp\/v2\/users\/1"}],"replies":[{"embeddable":true,"href":"https:\/\/lesptitescroixdemagalie.fr\/index.php\/wp-json\/wp\/v2\/comments?post=2608"}],"version-history":[{"count":12,"href":"https:\/\/lesptitescroixdemagalie.fr\/index.php\/wp-json\/wp\/v2\/posts\/2608\/revisions"}],"predecessor-version":[{"id":3219,"href":"https:\/\/lesptitescroixdemagalie.fr\/index.php\/wp-json\/wp\/v2\/posts\/2608\/revisions\/3219"}],"wp:featuredmedia":[{"embeddable":true,"href":"https:\/\/lesptitescroixdemagalie.fr\/index.php\/wp-json\/wp\/v2\/media\/2328"}],"wp:attachment":[{"href":"https:\/\/lesptitescroixdemagalie.fr\/index.php\/wp-json\/wp\/v2\/media?parent=2608"}],"wp:term":[{"taxonomy":"category","embeddable":true,"href":"https:\/\/lesptitescroixdemagalie.fr\/index.php\/wp-json\/wp\/v2\/categories?post=2608"},{"taxonomy":"post_tag","embeddable":true,"href":"https:\/\/lesptitescroixdemagalie.fr\/index.php\/wp-json\/wp\/v2\/tags?post=2608"}],"curies":[{"name":"wp","href":"https:\/\/api.w.org\/{rel}","templated":true}]}}